{"id":3211,"date":"2015-05-31T17:00:23","date_gmt":"2015-05-31T15:00:23","guid":{"rendered":"http:\/\/jlggb.net\/blog4\/?p=3211"},"modified":"2015-06-01T21:53:02","modified_gmt":"2015-06-01T19:53:02","slug":"manierisme","status":"publish","type":"post","link":"https:\/\/jlggb.net\/blog4\/?p=3211","title":{"rendered":"Mani\u00e9risme"},"content":{"rendered":"<p><a href=\"http:\/\/jlggb.net\/blog4\/wp-content\/uploads\/2015\/06\/fontainebleau-escalier-2015.jpg\" data-rel=\"lightbox-gallery-Ay6an8QR\" data-imagelightbox=\"0\" data-rl_title=\"\" data-rl_caption=\"\" title=\"\"><img loading=\"lazy\" decoding=\"async\" class=\"alignnone size-full wp-image-3212\" src=\"http:\/\/jlggb.net\/blog4\/wp-content\/uploads\/2015\/06\/fontainebleau-escalier-2015.jpg\" alt=\"fontainebleau-escalier-2015\" width=\"640\" height=\"480\" srcset=\"https:\/\/jlggb.net\/blog4\/wp-content\/uploads\/2015\/06\/fontainebleau-escalier-2015.jpg 2000w, https:\/\/jlggb.net\/blog4\/wp-content\/uploads\/2015\/06\/fontainebleau-escalier-2015-200x150.jpg 200w, https:\/\/jlggb.net\/blog4\/wp-content\/uploads\/2015\/06\/fontainebleau-escalier-2015-400x300.jpg 400w, https:\/\/jlggb.net\/blog4\/wp-content\/uploads\/2015\/06\/fontainebleau-escalier-2015-150x113.jpg 150w\" sizes=\"auto, (max-width: 640px) 100vw, 640px\" \/><\/a><br \/>\nDimanche 31 mai 2015, 17h, Ch\u00e2teau de Fontainebleau. Dans les conf\u00e9rences du Festival d&rsquo;histoire de l&rsquo;art, c&rsquo;\u00e9tait celle sur l&rsquo;exposition <em>Les Immat\u00e9riaux<\/em> du Centre Pompidou en 1985. Le Primatice, <em>Alexandre dompte Buc\u00e9phale<\/em>, entre 1541 et 1544.<br \/>\nVoir&nbsp;: <a href=\"http:\/\/www.chateau-de-fontainebleau.com\/Alexandre-dompte-Bucephale\" target=\"_blank\">www.chateau-de-fontainebleau.com\/Alexandre-dompte-Bucephale<\/a><\/p>\n","protected":false},"excerpt":{"rendered":"<p>Dimanche 31 mai 2015, 17h, Ch\u00e2teau de Fontainebleau. Dans les conf\u00e9rences du Festival d&rsquo;histoire de l&rsquo;art, c&rsquo;\u00e9tait celle sur l&rsquo;exposition Les Immat\u00e9riaux du Centre Pompidou en 1985. Le Primatice, Alexandre dompte Buc\u00e9phale, entre 1541 et 1544. Voir&nbsp;: www.chateau-de-fontainebleau.com\/Alexandre-dompte-Bucephale<\/p>\n","protected":false},"author":1,"featured_media":0,"comment_status":"closed","ping_status":"closed","sticky":false,"template":"","format":"standard","meta":{"footnotes":""},"categories":[110,254,256,9],"tags":[572],"class_list":["post-3211","post","type-post","status-publish","format-standard","hentry","category-architecture","category-art","category-histoire","category-monument","tag-fontainebleau"],"_links":{"self":[{"href":"https:\/\/jlggb.net\/blog4\/index.php?rest_route=\/wp\/v2\/posts\/3211","targetHints":{"allow":["GET"]}}],"collection":[{"href":"https:\/\/jlggb.net\/blog4\/index.php?rest_route=\/wp\/v2\/posts"}],"about":[{"href":"https:\/\/jlggb.net\/blog4\/index.php?rest_route=\/wp\/v2\/types\/post"}],"author":[{"embeddable":true,"href":"https:\/\/jlggb.net\/blog4\/index.php?rest_route=\/wp\/v2\/users\/1"}],"replies":[{"embeddable":true,"href":"https:\/\/jlggb.net\/blog4\/index.php?rest_route=%2Fwp%2Fv2%2Fcomments&post=3211"}],"version-history":[{"count":3,"href":"https:\/\/jlggb.net\/blog4\/index.php?rest_route=\/wp\/v2\/posts\/3211\/revisions"}],"predecessor-version":[{"id":3215,"href":"https:\/\/jlggb.net\/blog4\/index.php?rest_route=\/wp\/v2\/posts\/3211\/revisions\/3215"}],"wp:attachment":[{"href":"https:\/\/jlggb.net\/blog4\/index.php?rest_route=%2Fwp%2Fv2%2Fmedia&parent=3211"}],"wp:term":[{"taxonomy":"category","embeddable":true,"href":"https:\/\/jlggb.net\/blog4\/index.php?rest_route=%2Fwp%2Fv2%2Fcategories&post=3211"},{"taxonomy":"post_tag","embeddable":true,"href":"https:\/\/jlggb.net\/blog4\/index.php?rest_route=%2Fwp%2Fv2%2Ftags&post=3211"}],"curies":[{"name":"wp","href":"https:\/\/api.w.org\/{rel}","templated":true}]}}