{"id":3208,"date":"2015-05-29T18:00:39","date_gmt":"2015-05-29T16:00:39","guid":{"rendered":"http:\/\/jlggb.net\/blog4\/?p=3208"},"modified":"2015-06-01T21:29:16","modified_gmt":"2015-06-01T19:29:16","slug":"oeil-de-boeuf","status":"publish","type":"post","link":"https:\/\/jlggb.net\/blog4\/?p=3208","title":{"rendered":"\u0152il-de-b\u0153uf"},"content":{"rendered":"<p><a href=\"http:\/\/jlggb.net\/blog4\/wp-content\/uploads\/2015\/06\/cnam-amphi-2015.jpg\" data-rel=\"lightbox-gallery-BfCwMecJ\" data-imagelightbox=\"0\" data-rl_title=\"\" data-rl_caption=\"\" title=\"\"><img loading=\"lazy\" decoding=\"async\" src=\"http:\/\/jlggb.net\/blog4\/wp-content\/uploads\/2015\/06\/cnam-amphi-2015.jpg\" alt=\"cnam amphi 2015\" width=\"640\" height=\"480\" class=\"alignnone size-full wp-image-3209\" srcset=\"https:\/\/jlggb.net\/blog4\/wp-content\/uploads\/2015\/06\/cnam-amphi-2015.jpg 2000w, https:\/\/jlggb.net\/blog4\/wp-content\/uploads\/2015\/06\/cnam-amphi-2015-200x150.jpg 200w, https:\/\/jlggb.net\/blog4\/wp-content\/uploads\/2015\/06\/cnam-amphi-2015-400x300.jpg 400w, https:\/\/jlggb.net\/blog4\/wp-content\/uploads\/2015\/06\/cnam-amphi-2015-150x113.jpg 150w\" sizes=\"auto, (max-width: 640px) 100vw, 640px\" \/><\/a><br \/>\nVendredi 29 mai 2015, 18h. Conservatoire national des arts et m\u00e9tiers, Paris, 3e. \u00ab\u00a0Mutations du projet \u00bb, c&rsquo;\u00e9tait un colloque en architecture, amphith\u00e9\u00e2tre Jean-Baptiste Say, d&rsquo;\u00e9poque.<\/p>\n","protected":false},"excerpt":{"rendered":"<p>Vendredi 29 mai 2015, 18h. Conservatoire national des arts et m\u00e9tiers, Paris, 3e. \u00ab\u00a0Mutations du projet \u00bb, c&rsquo;\u00e9tait un colloque en architecture, amphith\u00e9\u00e2tre Jean-Baptiste Say, d&rsquo;\u00e9poque.<\/p>\n","protected":false},"author":1,"featured_media":0,"comment_status":"closed","ping_status":"closed","sticky":false,"template":"","format":"standard","meta":{"footnotes":""},"categories":[110,256,9],"tags":[571,5],"class_list":["post-3208","post","type-post","status-publish","format-standard","hentry","category-architecture","category-histoire","category-monument","tag-cnam","tag-paris"],"_links":{"self":[{"href":"https:\/\/jlggb.net\/blog4\/index.php?rest_route=\/wp\/v2\/posts\/3208","targetHints":{"allow":["GET"]}}],"collection":[{"href":"https:\/\/jlggb.net\/blog4\/index.php?rest_route=\/wp\/v2\/posts"}],"about":[{"href":"https:\/\/jlggb.net\/blog4\/index.php?rest_route=\/wp\/v2\/types\/post"}],"author":[{"embeddable":true,"href":"https:\/\/jlggb.net\/blog4\/index.php?rest_route=\/wp\/v2\/users\/1"}],"replies":[{"embeddable":true,"href":"https:\/\/jlggb.net\/blog4\/index.php?rest_route=%2Fwp%2Fv2%2Fcomments&post=3208"}],"version-history":[{"count":1,"href":"https:\/\/jlggb.net\/blog4\/index.php?rest_route=\/wp\/v2\/posts\/3208\/revisions"}],"predecessor-version":[{"id":3210,"href":"https:\/\/jlggb.net\/blog4\/index.php?rest_route=\/wp\/v2\/posts\/3208\/revisions\/3210"}],"wp:attachment":[{"href":"https:\/\/jlggb.net\/blog4\/index.php?rest_route=%2Fwp%2Fv2%2Fmedia&parent=3208"}],"wp:term":[{"taxonomy":"category","embeddable":true,"href":"https:\/\/jlggb.net\/blog4\/index.php?rest_route=%2Fwp%2Fv2%2Fcategories&post=3208"},{"taxonomy":"post_tag","embeddable":true,"href":"https:\/\/jlggb.net\/blog4\/index.php?rest_route=%2Fwp%2Fv2%2Ftags&post=3208"}],"curies":[{"name":"wp","href":"https:\/\/api.w.org\/{rel}","templated":true}]}}