{"id":935,"date":"2012-01-16T18:30:17","date_gmt":"2012-01-16T17:30:17","guid":{"rendered":"http:\/\/jlggb.net\/blog3\/?p=935"},"modified":"2020-08-23T13:19:54","modified_gmt":"2020-08-23T11:19:54","slug":"300e-anniversaire-de-rousseau-httpcirconstances-net","status":"publish","type":"post","link":"https:\/\/jlggb.net\/blog3\/?p=935","title":{"rendered":"300e anniversaire de Rousseau : http:\/\/circonstances.net\/"},"content":{"rendered":"<p><a href=\"https:\/\/jlggb.net\/blog3\/wp-content\/uploads\/2012\/01\/rousseau-livbraire.jpg\" data-rel=\"lightbox-image-0\" data-imagelightbox=\"0\" data-rl_title=\"\" data-rl_caption=\"\"><img loading=\"lazy\" decoding=\"async\" class=\"alignnone size-full wp-image-936\" title=\"\" src=\"https:\/\/jlggb.net\/blog3\/wp-content\/uploads\/2012\/01\/rousseau-livbraire.jpg\" alt=\"\" width=\"640\" height=\"480\" srcset=\"https:\/\/jlggb.net\/blog3\/wp-content\/uploads\/2012\/01\/rousseau-livbraire.jpg 1280w, https:\/\/jlggb.net\/blog3\/wp-content\/uploads\/2012\/01\/rousseau-livbraire-300x225.jpg 300w, https:\/\/jlggb.net\/blog3\/wp-content\/uploads\/2012\/01\/rousseau-livbraire-1024x768.jpg 1024w, https:\/\/jlggb.net\/blog3\/wp-content\/uploads\/2012\/01\/rousseau-livbraire-150x112.jpg 150w\" sizes=\"auto, (max-width: 640px) 100vw, 640px\" \/><\/a><br \/>\nLundi 16 janvier 2012, 18h30, librairie Alexandre et Raymond Illi, 20 Grand-Rue \u00e0 Gen\u00e8ve (non loin de la maison natale de Rousseau). Une \u00e9dition des \u0153uvres compl\u00e8tes de Rousseau, la sc\u00e8ne de l&rsquo;\u00ab Idylle de Th\u00f4nes \u00bb (qui nous a inspir\u00e9 le projet <em>Moments<\/em>, voir <a href=\"http:\/\/circonstances.net\/moments\/?p=271\" target=\"_blank\" rel=\"noopener\">ici<\/a>) dans l&rsquo;une de ses multiples repr\u00e9sentations (ici Rousseau est gaucher, du fait de la copie). C&rsquo;est l&rsquo;occasion de lancer le site&nbsp;: <a href=\"http:\/\/circonstances.net\/\" target=\"_blank\" rel=\"noopener\">http:\/\/circonstances.net\/<\/a> o\u00f9 sont r\u00e9unis des projets anciens et nouveaux&nbsp;: les installations et le CD-ROM <em>Moments de Jean-Jacques Rousseau<\/em>, 2000; l&rsquo;exposition documentaire <em>Les Jours de Jean-Jacques Rousseau<\/em>, 2001; le projet \u00ab Rousseau retrouv\u00e9 \u00bb, 2012.<br \/>\n<span style=\"color: #ffffff;\">&#8211;<\/span><img loading=\"lazy\" decoding=\"async\" class=\"wp-image-937 aligncenter\" title=\"cerises-detail\" src=\"https:\/\/jlggb.net\/blog3\/wp-content\/uploads\/2012\/01\/cerises-detail.jpg\" alt=\"\" width=\"240\" height=\"240\" srcset=\"https:\/\/jlggb.net\/blog3\/wp-content\/uploads\/2012\/01\/cerises-detail.jpg 320w, https:\/\/jlggb.net\/blog3\/wp-content\/uploads\/2012\/01\/cerises-detail-150x150.jpg 150w, https:\/\/jlggb.net\/blog3\/wp-content\/uploads\/2012\/01\/cerises-detail-300x300.jpg 300w\" sizes=\"auto, (max-width: 240px) 100vw, 240px\" \/><\/p>\n","protected":false},"excerpt":{"rendered":"<p>Lundi 16 janvier 2012, 18h30, librairie Alexandre et Raymond Illi, 20 Grand-Rue \u00e0 Gen\u00e8ve (non loin de la maison natale de Rousseau). Une \u00e9dition des \u0153uvres compl\u00e8tes de Rousseau, la sc\u00e8ne de l&rsquo;\u00ab Idylle de Th\u00f4nes \u00bb (qui nous a inspir\u00e9 le projet Moments, voir ici) dans l&rsquo;une de ses multiples repr\u00e9sentations (ici Rousseau est &hellip; <a href=\"https:\/\/jlggb.net\/blog3\/?p=935\" class=\"more-link\">Continuer la lecture de <span class=\"screen-reader-text\">300e anniversaire de Rousseau : http:\/\/circonstances.net\/<\/span><\/a><\/p>\n","protected":false},"author":2,"featured_media":0,"comment_status":"closed","ping_status":"closed","sticky":false,"template":"","format":"standard","meta":{"footnotes":""},"categories":[42,16,24],"tags":[80,143],"class_list":["post-935","post","type-post","status-publish","format-standard","hentry","category-langage","category-livres","category-monuments","tag-geneve","tag-jean-jacques-rousseau"],"_links":{"self":[{"href":"https:\/\/jlggb.net\/blog3\/index.php?rest_route=\/wp\/v2\/posts\/935","targetHints":{"allow":["GET"]}}],"collection":[{"href":"https:\/\/jlggb.net\/blog3\/index.php?rest_route=\/wp\/v2\/posts"}],"about":[{"href":"https:\/\/jlggb.net\/blog3\/index.php?rest_route=\/wp\/v2\/types\/post"}],"author":[{"embeddable":true,"href":"https:\/\/jlggb.net\/blog3\/index.php?rest_route=\/wp\/v2\/users\/2"}],"replies":[{"embeddable":true,"href":"https:\/\/jlggb.net\/blog3\/index.php?rest_route=%2Fwp%2Fv2%2Fcomments&post=935"}],"version-history":[{"count":0,"href":"https:\/\/jlggb.net\/blog3\/index.php?rest_route=\/wp\/v2\/posts\/935\/revisions"}],"wp:attachment":[{"href":"https:\/\/jlggb.net\/blog3\/index.php?rest_route=%2Fwp%2Fv2%2Fmedia&parent=935"}],"wp:term":[{"taxonomy":"category","embeddable":true,"href":"https:\/\/jlggb.net\/blog3\/index.php?rest_route=%2Fwp%2Fv2%2Fcategories&post=935"},{"taxonomy":"post_tag","embeddable":true,"href":"https:\/\/jlggb.net\/blog3\/index.php?rest_route=%2Fwp%2Fv2%2Ftags&post=935"}],"curies":[{"name":"wp","href":"https:\/\/api.w.org\/{rel}","templated":true}]}}