{"id":814,"date":"2012-01-10T23:31:14","date_gmt":"2012-01-10T22:31:14","guid":{"rendered":"http:\/\/jlggb.net\/blog3\/?p=814"},"modified":"2020-08-24T22:30:52","modified_gmt":"2020-08-24T20:30:52","slug":"le-demantelement-du-forum-des-halles","status":"publish","type":"post","link":"https:\/\/jlggb.net\/blog3\/?p=814","title":{"rendered":"Le d\u00e9mant\u00e8lement du Forum des halles"},"content":{"rendered":"<p><a href=\"https:\/\/jlggb.net\/blog3\/wp-content\/uploads\/2012\/01\/halles-cercle.jpg\" data-rel=\"lightbox-image-0\" data-imagelightbox=\"0\" data-rl_title=\"\" data-rl_caption=\"\"><img loading=\"lazy\" decoding=\"async\" class=\"alignnone size-full wp-image-826\" title=\"\" src=\"https:\/\/jlggb.net\/blog3\/wp-content\/uploads\/2012\/01\/halles-cercle.jpg\" alt=\"\" width=\"640\" height=\"640\" srcset=\"https:\/\/jlggb.net\/blog3\/wp-content\/uploads\/2012\/01\/halles-cercle.jpg 1280w, https:\/\/jlggb.net\/blog3\/wp-content\/uploads\/2012\/01\/halles-cercle-150x150.jpg 150w, https:\/\/jlggb.net\/blog3\/wp-content\/uploads\/2012\/01\/halles-cercle-300x300.jpg 300w, https:\/\/jlggb.net\/blog3\/wp-content\/uploads\/2012\/01\/halles-cercle-1024x1024.jpg 1024w\" sizes=\"auto, (max-width: 640px) 100vw, 640px\" \/><\/a><br \/>\n<a href=\"https:\/\/jlggb.net\/blog3\/wp-content\/uploads\/2012\/01\/halles-vert-jaune-rollei.jpg\" data-rel=\"lightbox-image-1\" data-imagelightbox=\"1\" data-rl_title=\"\" data-rl_caption=\"\"><img loading=\"lazy\" decoding=\"async\" class=\"alignnone size-full wp-image-817\" title=\"\" src=\"https:\/\/jlggb.net\/blog3\/wp-content\/uploads\/2012\/01\/halles-vert-jaune-rollei.jpg\" alt=\"\" width=\"640\" height=\"640\" srcset=\"https:\/\/jlggb.net\/blog3\/wp-content\/uploads\/2012\/01\/halles-vert-jaune-rollei.jpg 1280w, https:\/\/jlggb.net\/blog3\/wp-content\/uploads\/2012\/01\/halles-vert-jaune-rollei-150x150.jpg 150w, https:\/\/jlggb.net\/blog3\/wp-content\/uploads\/2012\/01\/halles-vert-jaune-rollei-300x300.jpg 300w, https:\/\/jlggb.net\/blog3\/wp-content\/uploads\/2012\/01\/halles-vert-jaune-rollei-1024x1024.jpg 1024w\" sizes=\"auto, (max-width: 640px) 100vw, 640px\" \/><\/a><br \/>\nMardi 10 janvier 2012, 15h30, Paris, rue Rambuteau, Forum des Halles. Il ne reste plus grand-chose des <em>parapluies<\/em> de Jean Willerval qui avaient marqu\u00e9 l&rsquo;ach\u00e8vement, en 1979, du r\u00e9am\u00e9nagement des halles en <em>forum<\/em> par les architectes Claude Vasconi et Georges Pencr\u00e9ac\u2019h, apr\u00e8s la destruction, au cours de l&rsquo;\u00e9t\u00e9 1971 et jusqu&rsquo;en 1973, des 12 pavillons de fonte, de fer et de verre construits sur les plans de Victor Baltard \u00e0 partir de 1854. Je dois avoir des photos, mais je ne sais pas o\u00f9 elles sont. Le projet retenu pour les remplacer est celui des architectes Patrick Berger et Jacques Anziutti, avec l&rsquo;entreprise Vinci&nbsp;: un immense abri, la <em>canop\u00e9e<\/em> (terme popularis\u00e9 par le botaniste <a href=\"http:\/\/jlggb.net\/blog2\/?p=7625\" target=\"_blank\" rel=\"noopener\">Francis Hall\u00e9<\/a> apr\u00e8s ses explorations de la couche sup\u00e9rieure de certaines for\u00eats tropicales) rend gr\u00e2ce symboliquement \u00e0 la protection de la nature mais n&rsquo;est pas n\u00e9cessairement adapt\u00e9 pour d\u00e9signer ce qui se passera en dessous (une esp\u00e8ce de nuit peupl\u00e9e de serpents, d&rsquo;araign\u00e9es et de rats) alors que la r\u00e9novation vise la s\u00e9curit\u00e9 des transports et des commerces. On n&rsquo;a pas aim\u00e9 la d\u00e9molition des Pavillons, on n&rsquo;a pas aim\u00e9 le Forum. La question se pose&nbsp;: aimera-t-on la Canop\u00e9e&nbsp;?<\/p>\n<p><a href=\"https:\/\/jlggb.net\/blog3\/wp-content\/uploads\/2012\/01\/demantelement.jpg\" data-rel=\"lightbox-image-2\" data-imagelightbox=\"2\" data-rl_title=\"\" data-rl_caption=\"\"><img loading=\"lazy\" decoding=\"async\" class=\"alignnone wp-image-815\" title=\"\" src=\"https:\/\/jlggb.net\/blog3\/wp-content\/uploads\/2012\/01\/demantelement.jpg\" alt=\"\" width=\"640\" height=\"480\" srcset=\"https:\/\/jlggb.net\/blog3\/wp-content\/uploads\/2012\/01\/demantelement.jpg 1280w, https:\/\/jlggb.net\/blog3\/wp-content\/uploads\/2012\/01\/demantelement-300x225.jpg 300w, https:\/\/jlggb.net\/blog3\/wp-content\/uploads\/2012\/01\/demantelement-1024x768.jpg 1024w, https:\/\/jlggb.net\/blog3\/wp-content\/uploads\/2012\/01\/demantelement-150x112.jpg 150w\" sizes=\"auto, (max-width: 640px) 100vw, 640px\" \/><\/a><br \/>\nC&rsquo;est \u00e9crit dessus, il s&rsquo;agit non pas d&rsquo;une destruction, d&rsquo;une d\u00e9molition, d&rsquo;un d\u00e9montage. Ni m\u00eame d&rsquo;une <a href=\"http:\/\/jlggb.net\/blog\/?p=2849\" target=\"_blank\" rel=\"noopener\">d\u00e9construction<\/a> (le mot est employ\u00e9 quand il s&rsquo;agit de faire propre et de r\u00e9cup\u00e9rer des mat\u00e9riaux). C&rsquo;est un d\u00e9mant\u00e8lement prudent (la vente et la circulation continuent, il y a eu un incident dans le magasin H&amp;M).<\/p>\n<blockquote><p><a href=\"https:\/\/jlggb.net\/blog3\/wp-content\/uploads\/2012\/01\/j-c-gautrand-1971.jpg\" data-rel=\"lightbox-image-3\" data-imagelightbox=\"3\" data-rl_title=\"\" data-rl_caption=\"\"><img loading=\"lazy\" decoding=\"async\" class=\"alignnone size-full wp-image-819\" title=\"\" src=\"https:\/\/jlggb.net\/blog3\/wp-content\/uploads\/2012\/01\/j-c-gautrand-1971.jpg\" alt=\"\" width=\"320\" height=\"232\" srcset=\"https:\/\/jlggb.net\/blog3\/wp-content\/uploads\/2012\/01\/j-c-gautrand-1971.jpg 500w, https:\/\/jlggb.net\/blog3\/wp-content\/uploads\/2012\/01\/j-c-gautrand-1971-300x217.jpg 300w, https:\/\/jlggb.net\/blog3\/wp-content\/uploads\/2012\/01\/j-c-gautrand-1971-150x108.jpg 150w\" sizes=\"auto, (max-width: 320px) 100vw, 320px\" \/><\/a><br \/>\nLa destruction des pavillons Baltard en 1971. Photo \u00a9Jean-Claude Gautrand.<\/p>\n<p>&nbsp;<\/p>\n<p>&nbsp;<\/p><\/blockquote>\n","protected":false},"excerpt":{"rendered":"<p>Mardi 10 janvier 2012, 15h30, Paris, rue Rambuteau, Forum des Halles. Il ne reste plus grand-chose des parapluies de Jean Willerval qui avaient marqu\u00e9 l&rsquo;ach\u00e8vement, en 1979, du r\u00e9am\u00e9nagement des halles en forum par les architectes Claude Vasconi et Georges Pencr\u00e9ac\u2019h, apr\u00e8s la destruction, au cours de l&rsquo;\u00e9t\u00e9 1971 et jusqu&rsquo;en 1973, des 12 pavillons &hellip; <a href=\"https:\/\/jlggb.net\/blog3\/?p=814\" class=\"more-link\">Continuer la lecture de <span class=\"screen-reader-text\">Le d\u00e9mant\u00e8lement du Forum des halles<\/span><\/a><\/p>\n","protected":false},"author":2,"featured_media":0,"comment_status":"open","ping_status":"open","sticky":false,"template":"","format":"standard","meta":{"footnotes":""},"categories":[64,24],"tags":[131,130,36],"class_list":["post-814","post","type-post","status-publish","format-standard","hentry","category-architecture","category-monuments","tag-ca","tag-halles","tag-paris"],"_links":{"self":[{"href":"https:\/\/jlggb.net\/blog3\/index.php?rest_route=\/wp\/v2\/posts\/814","targetHints":{"allow":["GET"]}}],"collection":[{"href":"https:\/\/jlggb.net\/blog3\/index.php?rest_route=\/wp\/v2\/posts"}],"about":[{"href":"https:\/\/jlggb.net\/blog3\/index.php?rest_route=\/wp\/v2\/types\/post"}],"author":[{"embeddable":true,"href":"https:\/\/jlggb.net\/blog3\/index.php?rest_route=\/wp\/v2\/users\/2"}],"replies":[{"embeddable":true,"href":"https:\/\/jlggb.net\/blog3\/index.php?rest_route=%2Fwp%2Fv2%2Fcomments&post=814"}],"version-history":[{"count":0,"href":"https:\/\/jlggb.net\/blog3\/index.php?rest_route=\/wp\/v2\/posts\/814\/revisions"}],"wp:attachment":[{"href":"https:\/\/jlggb.net\/blog3\/index.php?rest_route=%2Fwp%2Fv2%2Fmedia&parent=814"}],"wp:term":[{"taxonomy":"category","embeddable":true,"href":"https:\/\/jlggb.net\/blog3\/index.php?rest_route=%2Fwp%2Fv2%2Fcategories&post=814"},{"taxonomy":"post_tag","embeddable":true,"href":"https:\/\/jlggb.net\/blog3\/index.php?rest_route=%2Fwp%2Fv2%2Ftags&post=814"}],"curies":[{"name":"wp","href":"https:\/\/api.w.org\/{rel}","templated":true}]}}