{"id":7321,"date":"2013-11-30T23:59:50","date_gmt":"2013-11-30T22:59:50","guid":{"rendered":"http:\/\/jlggb.net\/blog3\/?p=7321"},"modified":"2021-01-11T19:58:31","modified_gmt":"2021-01-11T18:58:31","slug":"a-suivre","status":"publish","type":"post","link":"https:\/\/jlggb.net\/blog3\/?p=7321","title":{"rendered":"\u00c0 suivre"},"content":{"rendered":"<p><a href=\"https:\/\/jlggb.net\/blog3\/wp-content\/uploads\/2013\/12\/fleche-electra-1600.jpg\" data-rel=\"lightbox-image-0\" data-imagelightbox=\"0\" data-rl_title=\"\" data-rl_caption=\"\" title=\"\"><img loading=\"lazy\" decoding=\"async\" class=\"alignnone size-full wp-image-7322\" src=\"https:\/\/jlggb.net\/blog3\/wp-content\/uploads\/2013\/12\/fleche-electra-1600.jpg\" alt=\"fleche electra 1600\" width=\"640\" height=\"480\" srcset=\"https:\/\/jlggb.net\/blog3\/wp-content\/uploads\/2013\/12\/fleche-electra-1600.jpg 1600w, https:\/\/jlggb.net\/blog3\/wp-content\/uploads\/2013\/12\/fleche-electra-1600-300x225.jpg 300w, https:\/\/jlggb.net\/blog3\/wp-content\/uploads\/2013\/12\/fleche-electra-1600-1024x768.jpg 1024w, https:\/\/jlggb.net\/blog3\/wp-content\/uploads\/2013\/12\/fleche-electra-1600-150x112.jpg 150w\" sizes=\"auto, (max-width: 640px) 100vw, 640px\" \/><\/a><br \/>\nSamedi 30 novembre 2013, 23h59. Cette fl\u00e8che, produite il y a exactement 30 ans, pour l&rsquo;exposition <em>Electra<\/em> au Mus\u00e9e d&rsquo;art moderne de la Ville de Paris, pour signaler que notre album <em>jlggb<\/em> passe \u00e0 son <a href=\"http:\/\/jlggb.net\/blog4\/\" target=\"_blank\" rel=\"noopener\">num\u00e9ro 4 \u00e0 partir du 1er d\u00e9cembre 2013<\/a>. L&rsquo;album 1 est dat\u00e9 du 1er d\u00e9cembre 2007 au 30 novembre 2009, l&rsquo;album 2 est dat\u00e9 du 1er d\u00e9cembre 2009 au 30 novembre 2011, l&rsquo;album 3 est dat\u00e9 du 1er d\u00e9cembre 2011 au 30 novembre 2013.<\/p>\n<h1><a href=\"http:\/\/www.jlggb.net\/blog4\/\"><span style=\"color: #666666;\">jlggbblog4<\/span><\/a><\/h1>\n<p>Pour acc\u00e9der au num\u00e9ro 4, cliquer ci-dessus.<\/p>\n","protected":false},"excerpt":{"rendered":"<p>Samedi 30 novembre 2013, 23h59. Cette fl\u00e8che, produite il y a exactement 30 ans, pour l&rsquo;exposition Electra au Mus\u00e9e d&rsquo;art moderne de la Ville de Paris, pour signaler que notre album jlggb passe \u00e0 son num\u00e9ro 4 \u00e0 partir du 1er d\u00e9cembre 2013. L&rsquo;album 1 est dat\u00e9 du 1er d\u00e9cembre 2007 au 30 novembre 2009, &hellip; <a href=\"https:\/\/jlggb.net\/blog3\/?p=7321\" class=\"more-link\">Continuer la lecture de <span class=\"screen-reader-text\">\u00c0 suivre<\/span><\/a><\/p>\n","protected":false},"author":2,"featured_media":0,"comment_status":"closed","ping_status":"closed","sticky":false,"template":"","format":"standard","meta":{"footnotes":""},"categories":[86],"tags":[792],"class_list":["post-7321","post","type-post","status-publish","format-standard","hentry","category-ce-blog","tag-fleche"],"_links":{"self":[{"href":"https:\/\/jlggb.net\/blog3\/index.php?rest_route=\/wp\/v2\/posts\/7321","targetHints":{"allow":["GET"]}}],"collection":[{"href":"https:\/\/jlggb.net\/blog3\/index.php?rest_route=\/wp\/v2\/posts"}],"about":[{"href":"https:\/\/jlggb.net\/blog3\/index.php?rest_route=\/wp\/v2\/types\/post"}],"author":[{"embeddable":true,"href":"https:\/\/jlggb.net\/blog3\/index.php?rest_route=\/wp\/v2\/users\/2"}],"replies":[{"embeddable":true,"href":"https:\/\/jlggb.net\/blog3\/index.php?rest_route=%2Fwp%2Fv2%2Fcomments&post=7321"}],"version-history":[{"count":1,"href":"https:\/\/jlggb.net\/blog3\/index.php?rest_route=\/wp\/v2\/posts\/7321\/revisions"}],"predecessor-version":[{"id":8358,"href":"https:\/\/jlggb.net\/blog3\/index.php?rest_route=\/wp\/v2\/posts\/7321\/revisions\/8358"}],"wp:attachment":[{"href":"https:\/\/jlggb.net\/blog3\/index.php?rest_route=%2Fwp%2Fv2%2Fmedia&parent=7321"}],"wp:term":[{"taxonomy":"category","embeddable":true,"href":"https:\/\/jlggb.net\/blog3\/index.php?rest_route=%2Fwp%2Fv2%2Fcategories&post=7321"},{"taxonomy":"post_tag","embeddable":true,"href":"https:\/\/jlggb.net\/blog3\/index.php?rest_route=%2Fwp%2Fv2%2Ftags&post=7321"}],"curies":[{"name":"wp","href":"https:\/\/api.w.org\/{rel}","templated":true}]}}