{"id":7296,"date":"2013-11-27T16:00:27","date_gmt":"2013-11-27T15:00:27","guid":{"rendered":"http:\/\/jlggb.net\/blog3\/?p=7296"},"modified":"2013-11-28T03:55:55","modified_gmt":"2013-11-28T02:55:55","slug":"vent-contraires","status":"publish","type":"post","link":"https:\/\/jlggb.net\/blog3\/?p=7296","title":{"rendered":"Vents contraires"},"content":{"rendered":"<p><a href=\"https:\/\/jlggb.net\/blog3\/wp-content\/uploads\/2013\/11\/ciel-rue-de-sevres.jpg\" data-rel=\"lightbox-image-0\" data-imagelightbox=\"0\" data-rl_title=\"\" data-rl_caption=\"\" title=\"\"><img loading=\"lazy\" decoding=\"async\" class=\"alignnone size-full wp-image-7297\" alt=\"ciel rue de sevres\" src=\"https:\/\/jlggb.net\/blog3\/wp-content\/uploads\/2013\/11\/ciel-rue-de-sevres.jpg\" width=\"640\" height=\"480\" srcset=\"https:\/\/jlggb.net\/blog3\/wp-content\/uploads\/2013\/11\/ciel-rue-de-sevres.jpg 1600w, https:\/\/jlggb.net\/blog3\/wp-content\/uploads\/2013\/11\/ciel-rue-de-sevres-300x225.jpg 300w, https:\/\/jlggb.net\/blog3\/wp-content\/uploads\/2013\/11\/ciel-rue-de-sevres-1024x768.jpg 1024w, https:\/\/jlggb.net\/blog3\/wp-content\/uploads\/2013\/11\/ciel-rue-de-sevres-150x112.jpg 150w\" sizes=\"auto, (max-width: 640px) 100vw, 640px\" \/><\/a><br \/>\nMercredi 27 novembre 2013, 16h, au carrefour de la rue de Grenelle et de la rue de S\u00e8vres, Paris 6e. Tandis que des nuages bas apparaissent venant du sud, la couche sup\u00e9rieure semble matelass\u00e9e par des vents contraires.<\/p>\n","protected":false},"excerpt":{"rendered":"<p>Mercredi 27 novembre 2013, 16h, au carrefour de la rue de Grenelle et de la rue de S\u00e8vres, Paris 6e. Tandis que des nuages bas apparaissent venant du sud, la couche sup\u00e9rieure semble matelass\u00e9e par des vents contraires.<\/p>\n","protected":false},"author":2,"featured_media":0,"comment_status":"closed","ping_status":"closed","sticky":false,"template":"","format":"standard","meta":{"footnotes":""},"categories":[605,51],"tags":[276,36],"class_list":["post-7296","post","type-post","status-publish","format-standard","hentry","category-ciels","category-moments","tag-nuages","tag-paris"],"_links":{"self":[{"href":"https:\/\/jlggb.net\/blog3\/index.php?rest_route=\/wp\/v2\/posts\/7296","targetHints":{"allow":["GET"]}}],"collection":[{"href":"https:\/\/jlggb.net\/blog3\/index.php?rest_route=\/wp\/v2\/posts"}],"about":[{"href":"https:\/\/jlggb.net\/blog3\/index.php?rest_route=\/wp\/v2\/types\/post"}],"author":[{"embeddable":true,"href":"https:\/\/jlggb.net\/blog3\/index.php?rest_route=\/wp\/v2\/users\/2"}],"replies":[{"embeddable":true,"href":"https:\/\/jlggb.net\/blog3\/index.php?rest_route=%2Fwp%2Fv2%2Fcomments&post=7296"}],"version-history":[{"count":0,"href":"https:\/\/jlggb.net\/blog3\/index.php?rest_route=\/wp\/v2\/posts\/7296\/revisions"}],"wp:attachment":[{"href":"https:\/\/jlggb.net\/blog3\/index.php?rest_route=%2Fwp%2Fv2%2Fmedia&parent=7296"}],"wp:term":[{"taxonomy":"category","embeddable":true,"href":"https:\/\/jlggb.net\/blog3\/index.php?rest_route=%2Fwp%2Fv2%2Fcategories&post=7296"},{"taxonomy":"post_tag","embeddable":true,"href":"https:\/\/jlggb.net\/blog3\/index.php?rest_route=%2Fwp%2Fv2%2Ftags&post=7296"}],"curies":[{"name":"wp","href":"https:\/\/api.w.org\/{rel}","templated":true}]}}