{"id":7238,"date":"2013-11-16T15:30:46","date_gmt":"2013-11-16T14:30:46","guid":{"rendered":"http:\/\/jlggb.net\/blog3\/?p=7238"},"modified":"2021-01-17T15:27:53","modified_gmt":"2021-01-17T14:27:53","slug":"vitres-anciennes","status":"publish","type":"post","link":"https:\/\/jlggb.net\/blog3\/?p=7238","title":{"rendered":"Anamorphose"},"content":{"rendered":"<p><a href=\"https:\/\/jlggb.net\/blog3\/wp-content\/uploads\/2013\/11\/offprint-vitre.jpg\" data-rel=\"lightbox-image-0\" data-imagelightbox=\"0\" data-rl_title=\"\" data-rl_caption=\"\" title=\"\"><img loading=\"lazy\" decoding=\"async\" class=\"alignnone size-full wp-image-7237\" alt=\"offprint-vitre\" src=\"https:\/\/jlggb.net\/blog3\/wp-content\/uploads\/2013\/11\/offprint-vitre.jpg\" width=\"640\" height=\"480\" srcset=\"https:\/\/jlggb.net\/blog3\/wp-content\/uploads\/2013\/11\/offprint-vitre.jpg 1600w, https:\/\/jlggb.net\/blog3\/wp-content\/uploads\/2013\/11\/offprint-vitre-300x225.jpg 300w, https:\/\/jlggb.net\/blog3\/wp-content\/uploads\/2013\/11\/offprint-vitre-1024x768.jpg 1024w, https:\/\/jlggb.net\/blog3\/wp-content\/uploads\/2013\/11\/offprint-vitre-150x112.jpg 150w\" sizes=\"auto, (max-width: 640px) 100vw, 640px\" \/><\/a><br \/>\nSamedi 16 novembre 2013, 15h30. Palais des \u00e9tudes aux Beaux-Arts de Paris, salon Offprint \u2014\u00a0livres des \u00ab\u00a0pratiques \u00e9mergentes de l\u2019art\u00a0\u00bb\u00a0\u2013, une vue depuis la galerie des \u00e9l\u00e8ves \u00e0 travers des vitres anciennes. <\/p>\n","protected":false},"excerpt":{"rendered":"<p>Samedi 16 novembre 2013, 15h30. Palais des \u00e9tudes aux Beaux-Arts de Paris, salon Offprint \u2014\u00a0livres des \u00ab\u00a0pratiques \u00e9mergentes de l\u2019art\u00a0\u00bb\u00a0\u2013, une vue depuis la galerie des \u00e9l\u00e8ves \u00e0 travers des vitres anciennes.<\/p>\n","protected":false},"author":2,"featured_media":0,"comment_status":"closed","ping_status":"closed","sticky":false,"template":"","format":"standard","meta":{"footnotes":""},"categories":[7,16,24,89],"tags":[789,788],"class_list":["post-7238","post","type-post","status-publish","format-standard","hentry","category-arts","category-livres","category-monuments","category-vues","tag-beaux-arts-de-paris","tag-vitre"],"_links":{"self":[{"href":"https:\/\/jlggb.net\/blog3\/index.php?rest_route=\/wp\/v2\/posts\/7238","targetHints":{"allow":["GET"]}}],"collection":[{"href":"https:\/\/jlggb.net\/blog3\/index.php?rest_route=\/wp\/v2\/posts"}],"about":[{"href":"https:\/\/jlggb.net\/blog3\/index.php?rest_route=\/wp\/v2\/types\/post"}],"author":[{"embeddable":true,"href":"https:\/\/jlggb.net\/blog3\/index.php?rest_route=\/wp\/v2\/users\/2"}],"replies":[{"embeddable":true,"href":"https:\/\/jlggb.net\/blog3\/index.php?rest_route=%2Fwp%2Fv2%2Fcomments&post=7238"}],"version-history":[{"count":1,"href":"https:\/\/jlggb.net\/blog3\/index.php?rest_route=\/wp\/v2\/posts\/7238\/revisions"}],"predecessor-version":[{"id":8379,"href":"https:\/\/jlggb.net\/blog3\/index.php?rest_route=\/wp\/v2\/posts\/7238\/revisions\/8379"}],"wp:attachment":[{"href":"https:\/\/jlggb.net\/blog3\/index.php?rest_route=%2Fwp%2Fv2%2Fmedia&parent=7238"}],"wp:term":[{"taxonomy":"category","embeddable":true,"href":"https:\/\/jlggb.net\/blog3\/index.php?rest_route=%2Fwp%2Fv2%2Fcategories&post=7238"},{"taxonomy":"post_tag","embeddable":true,"href":"https:\/\/jlggb.net\/blog3\/index.php?rest_route=%2Fwp%2Fv2%2Ftags&post=7238"}],"curies":[{"name":"wp","href":"https:\/\/api.w.org\/{rel}","templated":true}]}}