{"id":7110,"date":"2013-11-04T22:00:37","date_gmt":"2013-11-04T21:00:37","guid":{"rendered":"http:\/\/jlggb.net\/blog3\/?p=7110"},"modified":"2014-02-05T23:29:17","modified_gmt":"2014-02-05T22:29:17","slug":"1913-2013","status":"publish","type":"post","link":"https:\/\/jlggb.net\/blog3\/?p=7110","title":{"rendered":"1913-2013"},"content":{"rendered":"<p><a href=\"https:\/\/jlggb.net\/blog3\/wp-content\/uploads\/2013\/11\/eb-ej-1937-1990-original.jpg\" data-rel=\"lightbox-image-0\" data-imagelightbox=\"0\" data-rl_title=\"\" data-rl_caption=\"\" title=\"\"><img loading=\"lazy\" decoding=\"async\" class=\"alignnone size-full wp-image-7122\" alt=\"eb-ej-1937-1990-original\" src=\"https:\/\/jlggb.net\/blog3\/wp-content\/uploads\/2013\/11\/eb-ej-1937-1990-original.jpg\" width=\"640\" height=\"960\" srcset=\"https:\/\/jlggb.net\/blog3\/wp-content\/uploads\/2013\/11\/eb-ej-1937-1990-original.jpg 1200w, https:\/\/jlggb.net\/blog3\/wp-content\/uploads\/2013\/11\/eb-ej-1937-1990-original-200x300.jpg 200w, https:\/\/jlggb.net\/blog3\/wp-content\/uploads\/2013\/11\/eb-ej-1937-1990-original-682x1024.jpg 682w, https:\/\/jlggb.net\/blog3\/wp-content\/uploads\/2013\/11\/eb-ej-1937-1990-original-100x150.jpg 100w\" sizes=\"auto, (max-width: 640px) 100vw, 640px\" \/><\/a><br \/>\nLundi 4 novembre 2013. C&rsquo;est aujourd&rsquo;hui le centenaire de la naissance de mon p\u00e8re, \u00c9mile Boissier. Ma m\u00e8re aussi, Emma Jullian, est n\u00e9e en 1913 (voir&nbsp;: \u00ab\u00a01913\u00a0\u00bb, <a href=\"https:\/\/jlggb.net\/blog3\/?p=5055\" target=\"_blank\">https:\/\/jlggb.net\/blog3\/?p=5055<\/a>). Cette photo d&rsquo;eux \u00e0 l&rsquo;\u00e2ge de 24 ans a \u00e9t\u00e9 prise \u00e0 Bouvante-le-Haut, village d&rsquo;une vall\u00e9e du Vercors, dans le d\u00e9partement de la Dr\u00f4me o\u00f9 ils \u00e9taient instituteur et institutrice, le 18 mai 1937. Je l&rsquo;ai d\u00e9j\u00e0 publi\u00e9e dans le num\u00e9ro 8 de <em>La Recherche photographique<\/em> consacr\u00e9 \u00e0 la photo de famille, f\u00e9vrier 1990, p.44. On soulignera la place particuli\u00e8re de l&rsquo;ann\u00e9e 1913 dans l&rsquo;histoire des id\u00e9es et des arts, dans l&rsquo;histoire des peuples et des pays.<\/p>\n","protected":false},"excerpt":{"rendered":"<p>Lundi 4 novembre 2013. C&rsquo;est aujourd&rsquo;hui le centenaire de la naissance de mon p\u00e8re, \u00c9mile Boissier. Ma m\u00e8re aussi, Emma Jullian, est n\u00e9e en 1913 (voir&nbsp;: \u00ab\u00a01913\u00a0\u00bb, https:\/\/jlggb.net\/blog3\/?p=5055). Cette photo d&rsquo;eux \u00e0 l&rsquo;\u00e2ge de 24 ans a \u00e9t\u00e9 prise \u00e0 Bouvante-le-Haut, village d&rsquo;une vall\u00e9e du Vercors, dans le d\u00e9partement de la Dr\u00f4me o\u00f9 ils \u00e9taient &hellip; <a href=\"https:\/\/jlggb.net\/blog3\/?p=7110\" class=\"more-link\">Continuer la lecture de <span class=\"screen-reader-text\">1913-2013<\/span><\/a><\/p>\n","protected":false},"author":2,"featured_media":0,"comment_status":"closed","ping_status":"closed","sticky":false,"template":"","format":"standard","meta":{"footnotes":""},"categories":[31,74,70],"tags":[],"class_list":["post-7110","post","type-post","status-publish","format-standard","hentry","category-des-archives","category-personnes","category-photographies"],"_links":{"self":[{"href":"https:\/\/jlggb.net\/blog3\/index.php?rest_route=\/wp\/v2\/posts\/7110","targetHints":{"allow":["GET"]}}],"collection":[{"href":"https:\/\/jlggb.net\/blog3\/index.php?rest_route=\/wp\/v2\/posts"}],"about":[{"href":"https:\/\/jlggb.net\/blog3\/index.php?rest_route=\/wp\/v2\/types\/post"}],"author":[{"embeddable":true,"href":"https:\/\/jlggb.net\/blog3\/index.php?rest_route=\/wp\/v2\/users\/2"}],"replies":[{"embeddable":true,"href":"https:\/\/jlggb.net\/blog3\/index.php?rest_route=%2Fwp%2Fv2%2Fcomments&post=7110"}],"version-history":[{"count":0,"href":"https:\/\/jlggb.net\/blog3\/index.php?rest_route=\/wp\/v2\/posts\/7110\/revisions"}],"wp:attachment":[{"href":"https:\/\/jlggb.net\/blog3\/index.php?rest_route=%2Fwp%2Fv2%2Fmedia&parent=7110"}],"wp:term":[{"taxonomy":"category","embeddable":true,"href":"https:\/\/jlggb.net\/blog3\/index.php?rest_route=%2Fwp%2Fv2%2Fcategories&post=7110"},{"taxonomy":"post_tag","embeddable":true,"href":"https:\/\/jlggb.net\/blog3\/index.php?rest_route=%2Fwp%2Fv2%2Ftags&post=7110"}],"curies":[{"name":"wp","href":"https:\/\/api.w.org\/{rel}","templated":true}]}}