{"id":6942,"date":"2013-10-18T20:00:15","date_gmt":"2013-10-18T18:00:15","guid":{"rendered":"http:\/\/jlggb.net\/blog3\/?p=6942"},"modified":"2020-08-20T10:23:15","modified_gmt":"2020-08-20T08:23:15","slug":"en-reconnaissance-au-theatre-de-gennevilliers","status":"publish","type":"post","link":"https:\/\/jlggb.net\/blog3\/?p=6942","title":{"rendered":"En reconnaissance au th\u00e9\u00e2tre de Gennevilliers"},"content":{"rendered":"<p><a href=\"https:\/\/jlggb.net\/blog3\/wp-content\/uploads\/2013\/10\/t2g-buren.jpg\" data-rel=\"lightbox-image-0\" data-imagelightbox=\"0\" data-rl_title=\"\" data-rl_caption=\"\" title=\"\"><img loading=\"lazy\" decoding=\"async\" src=\"https:\/\/jlggb.net\/blog3\/wp-content\/uploads\/2013\/10\/t2g-buren.jpg\" alt=\"t2g buren\" width=\"640\" height=\"480\" class=\"alignnone size-full wp-image-7001\" srcset=\"https:\/\/jlggb.net\/blog3\/wp-content\/uploads\/2013\/10\/t2g-buren.jpg 1600w, https:\/\/jlggb.net\/blog3\/wp-content\/uploads\/2013\/10\/t2g-buren-300x225.jpg 300w, https:\/\/jlggb.net\/blog3\/wp-content\/uploads\/2013\/10\/t2g-buren-1024x768.jpg 1024w, https:\/\/jlggb.net\/blog3\/wp-content\/uploads\/2013\/10\/t2g-buren-150x112.jpg 150w\" sizes=\"auto, (max-width: 640px) 100vw, 640px\" \/><\/a><br \/>\n<a href=\"https:\/\/jlggb.net\/blog3\/wp-content\/uploads\/2013\/10\/t2g-sobel.jpg\" data-rel=\"lightbox-image-1\" data-imagelightbox=\"1\" data-rl_title=\"\" data-rl_caption=\"\" title=\"\"><img loading=\"lazy\" decoding=\"async\" src=\"https:\/\/jlggb.net\/blog3\/wp-content\/uploads\/2013\/10\/t2g-sobel.jpg\" alt=\"t2g sobel\" width=\"640\" height=\"480\" class=\"alignnone size-full wp-image-7000\" srcset=\"https:\/\/jlggb.net\/blog3\/wp-content\/uploads\/2013\/10\/t2g-sobel.jpg 1600w, https:\/\/jlggb.net\/blog3\/wp-content\/uploads\/2013\/10\/t2g-sobel-300x225.jpg 300w, https:\/\/jlggb.net\/blog3\/wp-content\/uploads\/2013\/10\/t2g-sobel-1024x768.jpg 1024w, https:\/\/jlggb.net\/blog3\/wp-content\/uploads\/2013\/10\/t2g-sobel-150x112.jpg 150w\" sizes=\"auto, (max-width: 640px) 100vw, 640px\" \/><\/a><br \/>\n<a href=\"https:\/\/jlggb.net\/blog3\/wp-content\/uploads\/2013\/10\/t2g-escalier.jpg\" data-rel=\"lightbox-image-2\" data-imagelightbox=\"2\" data-rl_title=\"\" data-rl_caption=\"\" title=\"\"><img loading=\"lazy\" decoding=\"async\" src=\"https:\/\/jlggb.net\/blog3\/wp-content\/uploads\/2013\/10\/t2g-escalier.jpg\" alt=\"t2g escalier\" width=\"640\" height=\"480\" class=\"alignnone size-full wp-image-6999\" srcset=\"https:\/\/jlggb.net\/blog3\/wp-content\/uploads\/2013\/10\/t2g-escalier.jpg 1600w, https:\/\/jlggb.net\/blog3\/wp-content\/uploads\/2013\/10\/t2g-escalier-300x225.jpg 300w, https:\/\/jlggb.net\/blog3\/wp-content\/uploads\/2013\/10\/t2g-escalier-1024x768.jpg 1024w, https:\/\/jlggb.net\/blog3\/wp-content\/uploads\/2013\/10\/t2g-escalier-150x112.jpg 150w\" sizes=\"auto, (max-width: 640px) 100vw, 640px\" \/><\/a><br \/>\nVendredi 18 octobre 2013, 20h. Le th\u00e9\u00e2tre de Gennevilliers, fond\u00e9 en 1964 par Bernard Sobel \u2014 brechtien non repenti \u2014 dans ce qui \u00e9tait la salle des f\u00eates b\u00e2tie en 1934, devenu en 1983 centre dramatique national, est dirig\u00e9 depuis 2006 par l&rsquo;auteur et metteur en sc\u00e8ne Pascal Rambert \u2014\u00a0qui l&rsquo;axe exclusivement sur la cr\u00e9ation contemporaine. C&rsquo;est \u00e0 ce moment-l\u00e0 que Daniel Buren \u2014 artiste patent\u00e9 de la gauche culturelle \u2014 s&rsquo;associe \u00e0 15 \u00e9l\u00e8ves de la section de plasturgie du <a href=\"http:\/\/www.lyc-galilee-gennevilliers.ac-versailles.fr\/index.html\" target=\"_blank\">lyc\u00e9e Galil\u00e9e de Gennevilliers<\/a> et leur fait fabriquer des fl\u00e8ches pour conduire au th\u00e9\u00e2tre.<\/p>\n<blockquote><p>Au total 100 fl\u00e8ches sont install\u00e9es sur le territoire de Gennevilliers avec plusieurs \u00ab chemins \u00bb desservent les axes strat\u00e9giques de la ville. Peinte en rouge et blanc, cette fl\u00e8che est compos\u00e9e de diff\u00e9rents \u00e9l\u00e9ments associ\u00e9s entre eux. Chaque \u00e9l\u00e9ment de couleur rouge ou blanc \u00e9tant obtenu \u00e0 partir d\u2019un moule par coul\u00e9e et moussage de polyur\u00e9thane. Longue de 60,9 cm, chaque fl\u00e8che p\u00e8se 2,25 kg et a une \u00e9paisseur de 8,7 cm. Selon la nomenclature immuable des \u0153uvres de Daniel Buren, la largeur de chaque rayure est de 8,7 cm. La fl\u00e8che est scell\u00e9e \u00e0 2,50 m du sol.<\/p><\/blockquote>\n<p>On peut aussi voir cette fl\u00e8che comme le rep\u00e8re rassurant d&rsquo;un espace artistique auquel on appartient d\u00e9j\u00e0. \u00ab\u00a0\u00c0 15 minutes de Place de Clichy\u00a0\u00bb souligne le site <a href=\" http:\/\/www.theatre2gennevilliers.com\" target=\"_blank\">http:\/\/www.theatre2gennevilliers.com<\/a>. Dirait-on la m\u00eame chose du th\u00e9\u00e2tre des Champs-\u00c9lys\u00e9es ou du th\u00e9\u00e2tre de Chaillot&nbsp;? Qui penserait \u00e0 rappeler que le th\u00e9\u00e2tre de Gennevilliers se trouve rive gauche&nbsp;? C&rsquo;est que nous sommes ici en banlieue. Pascal Rambert le dit&nbsp;: \u00ab Le T2G est en proche banlieue nord de Paris. C&rsquo;est-\u00e0-dire qu&rsquo;il est situ\u00e9 \u00e0 l&rsquo;\u00e9picentre de ce qu&rsquo;est aujourd&rsquo;hui la soci\u00e9t\u00e9 contemporaine&nbsp;: croisement des flux migratoires, mixit\u00e9s sociales et ethniques, pr\u00e9carit\u00e9, acc\u00e9l\u00e9ration des \u00e9changes. \u00bb<\/p>\n","protected":false},"excerpt":{"rendered":"<p>Vendredi 18 octobre 2013, 20h. Le th\u00e9\u00e2tre de Gennevilliers, fond\u00e9 en 1964 par Bernard Sobel \u2014 brechtien non repenti \u2014 dans ce qui \u00e9tait la salle des f\u00eates b\u00e2tie en 1934, devenu en 1983 centre dramatique national, est dirig\u00e9 depuis 2006 par l&rsquo;auteur et metteur en sc\u00e8ne Pascal Rambert \u2014\u00a0qui l&rsquo;axe exclusivement sur la cr\u00e9ation &hellip; <a href=\"https:\/\/jlggb.net\/blog3\/?p=6942\" class=\"more-link\">Continuer la lecture de <span class=\"screen-reader-text\">En reconnaissance au th\u00e9\u00e2tre de Gennevilliers<\/span><\/a><\/p>\n","protected":false},"author":2,"featured_media":0,"comment_status":"closed","ping_status":"closed","sticky":false,"template":"","format":"standard","meta":{"footnotes":""},"categories":[64,7,43,75],"tags":[316,756,758,755,757],"class_list":["post-6942","post","type-post","status-publish","format-standard","hentry","category-architecture","category-arts","category-design","category-enseignes","tag-daniel-buren","tag-gennevilliers","tag-grand-paris","tag-pascal-rambert","tag-t2g"],"_links":{"self":[{"href":"https:\/\/jlggb.net\/blog3\/index.php?rest_route=\/wp\/v2\/posts\/6942","targetHints":{"allow":["GET"]}}],"collection":[{"href":"https:\/\/jlggb.net\/blog3\/index.php?rest_route=\/wp\/v2\/posts"}],"about":[{"href":"https:\/\/jlggb.net\/blog3\/index.php?rest_route=\/wp\/v2\/types\/post"}],"author":[{"embeddable":true,"href":"https:\/\/jlggb.net\/blog3\/index.php?rest_route=\/wp\/v2\/users\/2"}],"replies":[{"embeddable":true,"href":"https:\/\/jlggb.net\/blog3\/index.php?rest_route=%2Fwp%2Fv2%2Fcomments&post=6942"}],"version-history":[{"count":0,"href":"https:\/\/jlggb.net\/blog3\/index.php?rest_route=\/wp\/v2\/posts\/6942\/revisions"}],"wp:attachment":[{"href":"https:\/\/jlggb.net\/blog3\/index.php?rest_route=%2Fwp%2Fv2%2Fmedia&parent=6942"}],"wp:term":[{"taxonomy":"category","embeddable":true,"href":"https:\/\/jlggb.net\/blog3\/index.php?rest_route=%2Fwp%2Fv2%2Fcategories&post=6942"},{"taxonomy":"post_tag","embeddable":true,"href":"https:\/\/jlggb.net\/blog3\/index.php?rest_route=%2Fwp%2Fv2%2Ftags&post=6942"}],"curies":[{"name":"wp","href":"https:\/\/api.w.org\/{rel}","templated":true}]}}