{"id":6862,"date":"2013-10-14T15:00:15","date_gmt":"2013-10-14T13:00:15","guid":{"rendered":"http:\/\/jlggb.net\/blog3\/?p=6862"},"modified":"2013-10-17T00:18:55","modified_gmt":"2013-10-16T22:18:55","slug":"gateau-pas-cher","status":"publish","type":"post","link":"https:\/\/jlggb.net\/blog3\/?p=6862","title":{"rendered":"G\u00e2teau pas cher"},"content":{"rendered":"<p><a href=\"https:\/\/jlggb.net\/blog3\/wp-content\/uploads\/2013\/10\/gateau-ikea.jpg\" data-rel=\"lightbox-image-0\" data-imagelightbox=\"0\" data-rl_title=\"\" data-rl_caption=\"\" title=\"\"><img loading=\"lazy\" decoding=\"async\" class=\"alignnone size-full wp-image-6877\" alt=\"gateau ikea\" src=\"https:\/\/jlggb.net\/blog3\/wp-content\/uploads\/2013\/10\/gateau-ikea.jpg\" width=\"640\" height=\"480\" \/><\/a><br \/>\nLundi 14 octobre 2013, 15h. G\u00e2teau pas cher (1,60 \u20ac) au restaurant Ikea de Villiers-sur-Marne (et plut\u00f4t bon, d&rsquo;apr\u00e8s L. et moi aussi). Un panneau nous explique que pour maintenir ces prix bas, il faut d\u00e9barrasser son plateau. \u00c0 vrai dire, ce g\u00e2teau figure sur le catalogue en ligne (<a href=\"http:\/\/www.ikea.com\/fr\/fr\/catalog\/products\/30206306\/\" target=\"_blank\">http:\/\/www.ikea.com\/fr\/fr\/catalog\/products\/30206306\/<\/a>), vendu par 4 pour 4,75 \u20ac.<\/p>\n<blockquote><p>Bakelse Princess. G\u00e2teau cr\u00e8me\/p\u00e2te d\u2019amandes 320g\u2028. Une douceur royale. Le g\u00e2teau princesse, du nom des Princesses royales su\u00e9doises Margaretha, M\u00e4rtha et Astrid, est LE g\u00e2teau pr\u00e9f\u00e9r\u00e9 des Su\u00e9dois, d\u00e9gust\u00e9 en toutes occasions. <!--more-->C\u2019est un dessert l\u00e9ger et a\u00e9rien&nbsp;: un fond de g\u00e9noise, garni de confiture de framboise, de cr\u00e8me fouett\u00e9e et de cr\u00e8me vanill\u00e9e, le tout recouvert de p\u00e2te d\u2019amandes verte. Notre version de ce g\u00e2teau se nomme Bakelse Princess&nbsp;: pr\u00e9par\u00e9 avec les m\u00eames ingr\u00e9dients, il est vendu en portions individuelles et recouvert de p\u00e2te d\u2019amandes rose&nbsp;! D\u00e9gustez-le avec du caf\u00e9 ou du th\u00e9, pour n\u2019importe quelle occasion. Ingr\u00e9dients. P\u00e2te d\u2019amandes (28 %) (sucre, amandes [24 %], sirop de glucose, maltodextrine, eau, sirop de sucre inverti, colorants [E100, E120, E171]), pr\u00e9paration \u00e0 base de cr\u00e8me (26 %) (cr\u00e8me fouett\u00e9e [75 %], eau, sucre, prot\u00e9ines de lait, stabilisant [acide alginique], \u00e9paississant [gomme de caroube]), g\u00e2teau \u00e9ponge (\u0153ufs, sucre, farine de bl\u00e9, amidon de ma\u00efs, poudre \u00e0 lever [E450i, E500ii], eau, \u00e9mulsifiant [mono- et diglyc\u00e9rides d\u2019acides gras]), pr\u00e9paration aromatis\u00e9e \u00e0 la vanille (eau, sucre, huile de coco, amidon de ma\u00efs, lait \u00e9cr\u00e9m\u00e9 en poudre, sel, ar\u00f4me naturel de vanille), fourrage aux framboises (7,5 %) (framboises, sirop de glucose, eau, sucre, amidon de ma\u00efs, jus de citron, \u00e9paississant [E440i], r\u00e9gulateur d\u2019acidit\u00e9 [E331iii], ar\u00f4me naturel), pr\u00e9paration \u00e0 base de cacao (mati\u00e8res grasses v\u00e9g\u00e9tales, sucre, poudre de cacao maigre, lait \u00e9cr\u00e9m\u00e9 en poudre, \u00e9mulsifiant [l\u00e9cithine de soja]). Allerg\u00e8nes. Gluten, \u0153ufs, soja, lait, fruits \u00e0 coque. Valeur nutritionnelle\/100g. Valeur \u00e9nerg\u00e9tique 313 kcal\/1314 kJ, prot\u00e9ines 3,3g, glucides 40g, sodium 0,1g, lipides 15,7g. (Fiche produit pdf)<\/p>\n<p>La philosophie Ikea (officiel)<br \/>\n\u00ab\u00a0Notre h\u00e9ritage su\u00e9dois. L\u2019approche su\u00e9doise du design est aussi \u00e0 la base de l\u2019assortiment IKEA, qui jusqu\u2019\u00e0 ce jour est d\u00e9velopp\u00e9 en Su\u00e8de. Un design moderne sans \u00eatre calqu\u00e9 sur la mode, fonctionnel et toutefois s\u00e9duisant, ax\u00e9 sur les personnes et adapt\u00e9 aux enfants. Un design qui par le choix des couleurs et des mat\u00e9riaux refl\u00e8te le mode de vie sain et naturel des Su\u00e9dois. Ces id\u00e9es doivent beaucoup aux origines de IKEA, au Sm\u00e5land, dans le sud de la Su\u00e8de, o\u00f9 les gens ont la r\u00e9putation de travailler dur, de vivre avec de petits moyens et de tirer le meilleur parti de leurs ressources limit\u00e9es.\u00a0\u00bb<\/p>\n<p>Compl\u00e9ments d&rsquo;informations<br \/>\n\u00ab\u00a0La directrice du magasin de Villiers-sur-Marne avance qu&rsquo;au moment du recrutement, elle cherche \u00e0 &lsquo;saisir la capacit\u00e9 \u00e0 s&rsquo;adapter \u00e0 l&rsquo;entreprise.&rsquo;\u2028 Un responsable de rayon du magasin de Villiers-sur-Marne le reconna\u00eet&nbsp;: Si on mettait en grand devant le client un panneau &lsquo;Votre article est dix fois moins cher car il est fabriqu\u00e9 par des enfants&rsquo;, il r\u00e9fl\u00e9chirait peut-\u00eatre\u2026 mais il ne veut pas se poser trop de question. C&rsquo;est le prix qui compte \u00bb.<br \/>\n<a href=\"http:\/\/www2.cndp.fr\/tice\/teledoc\/dossiers\/dossier_ikea.htm\" target=\"_blank\">http:\/\/www2.cndp.fr\/tice\/teledoc\/dossiers\/dossier_ikea.htm<\/a><a href=\"http:\/\/www2.cndp.fr\/tice\/teledoc\/dossiers\/dossier_ikea.htm\u2028\" target=\"_blank\"><br \/>\n<\/a>\u00ab\u00a0Ikea, le num\u00e9ro un mondial de l&rsquo;ameublement, a annonc\u00e9 lundi avoir accru ses ventes mondiales de 3,1% lors de son exercice 2012\/2013 [\u2026] Ikea compte plus de 300 magasins dans le monde, qui ont \u00e9t\u00e9 visit\u00e9s par plus de 690 millions de personnes au cours de l&rsquo;exercice \u00e9coul\u00e9, et fait \u00e0 ce titre office de barom\u00e8tre de la consommation mondiale. Le groupe emploie 139.000 personnes dans une quarantaine de pays.\u00a0\u00bb<br \/>\n\u00ab Malgr\u00e9 la crise \u00e9conomique, Ikea croit dans son potentiel en France. La filiale fran\u00e7aise du g\u00e9ant su\u00e9dois de l&rsquo;ameublement a annonc\u00e9 jeudi 10 octobre l&rsquo;ouverture prochaine de six nouveaux magasins en France, passant de 29 \u00e0 35, et le recrutement de 1200 personnes entre 2014 et 2016. L&rsquo;entreprise d&rsquo;ameublement va s&rsquo;implanter \u00e0 Orl\u00e9ans (Loiret), Bayonne (Pyr\u00e9n\u00e9es-Atlantiques), Clermont-Ferrand (Puy-de-D\u00f4me), Mulhouse (Alsace), Nice (Alpes-Maritimes) et V\u00e9nissieux (Rh\u00f4ne). L&rsquo;Hexagone est le troisi\u00e8me march\u00e9 du groupe su\u00e9dois qui y assure 9% de son chiffre d&rsquo;affaires total. \u00bb<br \/>\n\u00ab\u00a0Le fondateur, Ingvar Kamprad, 86 ans, est l&rsquo;homme le plus riche d&rsquo;Europe, avec une fortune estim\u00e9e entre 30,7 et 31,5 milliards d&rsquo;euros. \u00bb<br \/>\n\u00ab\u00a0Le fondateur du groupe su\u00e9dois Ikea a entretenu, pendant et apr\u00e8s la Seconde guerre mondiale, des liens plus pouss\u00e9s avec des groupuscules nazis su\u00e9dois qu&rsquo;il ne l&rsquo;a admis par la suite, selon un nouveau livre.\u00a0\u00bb<br \/>\n\u00ab\u00a0Pour faire entendre leurs droits, les trois fils ont recrut\u00e9 aux \u00c9tats-Unis les meilleurs avocats.\u00a0\u00bb<br \/>\n\u00ab Pilot\u00e9s par des officines de renseignements, de faux salari\u00e9s surveillent leurs coll\u00e8gues et infiltrent les syndicats.\u00a0\u00bb<br \/>\nSources&nbsp;: Capital.fr; lexpansion.lexpress.fr; tempsreel.nouvelobs.com<\/p><\/blockquote>\n","protected":false},"excerpt":{"rendered":"<p>Lundi 14 octobre 2013, 15h. G\u00e2teau pas cher (1,60 \u20ac) au restaurant Ikea de Villiers-sur-Marne (et plut\u00f4t bon, d&rsquo;apr\u00e8s L. et moi aussi). Un panneau nous explique que pour maintenir ces prix bas, il faut d\u00e9barrasser son plateau. \u00c0 vrai dire, ce g\u00e2teau figure sur le catalogue en ligne (http:\/\/www.ikea.com\/fr\/fr\/catalog\/products\/30206306\/), vendu par 4 pour 4,75 &hellip; <a href=\"https:\/\/jlggb.net\/blog3\/?p=6862\" class=\"more-link\">Continuer la lecture de <span class=\"screen-reader-text\">G\u00e2teau pas cher<\/span><\/a><\/p>\n","protected":false},"author":2,"featured_media":0,"comment_status":"closed","ping_status":"closed","sticky":false,"template":"","format":"standard","meta":{"footnotes":""},"categories":[123,44,85],"tags":[750],"class_list":["post-6862","post","type-post","status-publish","format-standard","hentry","category-nourritures","category-objets","category-ville","tag-ikea"],"_links":{"self":[{"href":"https:\/\/jlggb.net\/blog3\/index.php?rest_route=\/wp\/v2\/posts\/6862","targetHints":{"allow":["GET"]}}],"collection":[{"href":"https:\/\/jlggb.net\/blog3\/index.php?rest_route=\/wp\/v2\/posts"}],"about":[{"href":"https:\/\/jlggb.net\/blog3\/index.php?rest_route=\/wp\/v2\/types\/post"}],"author":[{"embeddable":true,"href":"https:\/\/jlggb.net\/blog3\/index.php?rest_route=\/wp\/v2\/users\/2"}],"replies":[{"embeddable":true,"href":"https:\/\/jlggb.net\/blog3\/index.php?rest_route=%2Fwp%2Fv2%2Fcomments&post=6862"}],"version-history":[{"count":0,"href":"https:\/\/jlggb.net\/blog3\/index.php?rest_route=\/wp\/v2\/posts\/6862\/revisions"}],"wp:attachment":[{"href":"https:\/\/jlggb.net\/blog3\/index.php?rest_route=%2Fwp%2Fv2%2Fmedia&parent=6862"}],"wp:term":[{"taxonomy":"category","embeddable":true,"href":"https:\/\/jlggb.net\/blog3\/index.php?rest_route=%2Fwp%2Fv2%2Fcategories&post=6862"},{"taxonomy":"post_tag","embeddable":true,"href":"https:\/\/jlggb.net\/blog3\/index.php?rest_route=%2Fwp%2Fv2%2Ftags&post=6862"}],"curies":[{"name":"wp","href":"https:\/\/api.w.org\/{rel}","templated":true}]}}