{"id":6700,"date":"2013-10-04T19:00:57","date_gmt":"2013-10-04T17:00:57","guid":{"rendered":"http:\/\/jlggb.net\/blog3\/?p=6700"},"modified":"2020-07-31T17:11:02","modified_gmt":"2020-07-31T15:11:02","slug":"passage-au-fresnoy","status":"publish","type":"post","link":"https:\/\/jlggb.net\/blog3\/?p=6700","title":{"rendered":"Passage au Fresnoy"},"content":{"rendered":"<p><a href=\"https:\/\/jlggb.net\/blog3\/wp-content\/uploads\/2013\/10\/le-fresnoy-4-sept-2013.jpg\" data-rel=\"lightbox-image-0\" data-imagelightbox=\"0\" data-rl_title=\"\" data-rl_caption=\"\" title=\"\"><img loading=\"lazy\" decoding=\"async\" class=\"alignnone size-full wp-image-6701\" src=\"https:\/\/jlggb.net\/blog3\/wp-content\/uploads\/2013\/10\/le-fresnoy-4-sept-2013.jpg\" alt=\"le fresnoy 4 sept 2013\" width=\"640\" height=\"480\" srcset=\"https:\/\/jlggb.net\/blog3\/wp-content\/uploads\/2013\/10\/le-fresnoy-4-sept-2013.jpg 1600w, https:\/\/jlggb.net\/blog3\/wp-content\/uploads\/2013\/10\/le-fresnoy-4-sept-2013-300x225.jpg 300w, https:\/\/jlggb.net\/blog3\/wp-content\/uploads\/2013\/10\/le-fresnoy-4-sept-2013-1024x768.jpg 1024w, https:\/\/jlggb.net\/blog3\/wp-content\/uploads\/2013\/10\/le-fresnoy-4-sept-2013-150x112.jpg 150w\" sizes=\"auto, (max-width: 640px) 100vw, 640px\" \/><\/a><br \/>\nVendredi 4 octobre 2013, Tourcoing. R\u00e9trospective&nbsp;: d\u00e8s 1991, j&rsquo;ai connu Le Fresnoy, avant sa transformation en \u00e9cole d&rsquo;art et centre d&rsquo;art selon les plans de Bernard Tschumi. J&rsquo;y suis intervenu pour des discussions sur le projet, des workshops, des conf\u00e9rences, une exposition personnelle, un peu de commissariat. Et j&rsquo;y suis venu assez r\u00e9guli\u00e8rement pour des expositions. Cette fois, c&rsquo;est <a href=\"http:\/\/www.lefresnoy.net\/fr\/expo-evenements\/montreal-quand-limage-rode\" target=\"_blank\" rel=\"noopener\"><em>Montr\u00e9al, quand l&rsquo;image r\u00f4de<\/em><\/a>. Au centre de la photo, Alain Fleischer, le ma\u00eetre des lieux.<\/p>\n","protected":false},"excerpt":{"rendered":"<p>Vendredi 4 octobre 2013, Tourcoing. R\u00e9trospective&nbsp;: d\u00e8s 1991, j&rsquo;ai connu Le Fresnoy, avant sa transformation en \u00e9cole d&rsquo;art et centre d&rsquo;art selon les plans de Bernard Tschumi. J&rsquo;y suis intervenu pour des discussions sur le projet, des workshops, des conf\u00e9rences, une exposition personnelle, un peu de commissariat. Et j&rsquo;y suis venu assez r\u00e9guli\u00e8rement pour des &hellip; <a href=\"https:\/\/jlggb.net\/blog3\/?p=6700\" class=\"more-link\">Continuer la lecture de <span class=\"screen-reader-text\">Passage au Fresnoy<\/span><\/a><\/p>\n","protected":false},"author":2,"featured_media":0,"comment_status":"closed","ping_status":"closed","sticky":false,"template":"","format":"standard","meta":{"footnotes":""},"categories":[64,7],"tags":[325],"class_list":["post-6700","post","type-post","status-publish","format-standard","hentry","category-architecture","category-arts","tag-le-fresnoy"],"_links":{"self":[{"href":"https:\/\/jlggb.net\/blog3\/index.php?rest_route=\/wp\/v2\/posts\/6700","targetHints":{"allow":["GET"]}}],"collection":[{"href":"https:\/\/jlggb.net\/blog3\/index.php?rest_route=\/wp\/v2\/posts"}],"about":[{"href":"https:\/\/jlggb.net\/blog3\/index.php?rest_route=\/wp\/v2\/types\/post"}],"author":[{"embeddable":true,"href":"https:\/\/jlggb.net\/blog3\/index.php?rest_route=\/wp\/v2\/users\/2"}],"replies":[{"embeddable":true,"href":"https:\/\/jlggb.net\/blog3\/index.php?rest_route=%2Fwp%2Fv2%2Fcomments&post=6700"}],"version-history":[{"count":0,"href":"https:\/\/jlggb.net\/blog3\/index.php?rest_route=\/wp\/v2\/posts\/6700\/revisions"}],"wp:attachment":[{"href":"https:\/\/jlggb.net\/blog3\/index.php?rest_route=%2Fwp%2Fv2%2Fmedia&parent=6700"}],"wp:term":[{"taxonomy":"category","embeddable":true,"href":"https:\/\/jlggb.net\/blog3\/index.php?rest_route=%2Fwp%2Fv2%2Fcategories&post=6700"},{"taxonomy":"post_tag","embeddable":true,"href":"https:\/\/jlggb.net\/blog3\/index.php?rest_route=%2Fwp%2Fv2%2Ftags&post=6700"}],"curies":[{"name":"wp","href":"https:\/\/api.w.org\/{rel}","templated":true}]}}