{"id":655,"date":"2012-01-02T17:00:00","date_gmt":"2012-01-02T16:00:00","guid":{"rendered":"http:\/\/jlggb.net\/blog3\/?p=655"},"modified":"2020-08-23T13:29:58","modified_gmt":"2020-08-23T11:29:58","slug":"la-foret-replantee-il-y-a-dix-ans","status":"publish","type":"post","link":"https:\/\/jlggb.net\/blog3\/?p=655","title":{"rendered":"La for\u00eat replant\u00e9e il y a dix ans"},"content":{"rendered":"<p><a href=\"https:\/\/jlggb.net\/blog3\/wp-content\/uploads\/2012\/01\/luxembourg-arbres.jpg\" data-rel=\"lightbox-image-0\" data-imagelightbox=\"0\" data-rl_title=\"\" data-rl_caption=\"\"><img loading=\"lazy\" decoding=\"async\" class=\"alignnone size-full wp-image-657\" title=\"\" src=\"https:\/\/jlggb.net\/blog3\/wp-content\/uploads\/2012\/01\/luxembourg-arbres.jpg\" alt=\"\" width=\"640\" height=\"640\" \/><\/a><br \/>\nLundi 2 janvier 2012, 15h45, derniers rayons de soleil sur le Jardin du Luxembourg. Juste apr\u00e8s, il va y avoir une forte pluie subite et un arc-en-ciel sur l&rsquo;Od\u00e9on. La temp\u00eate du 26 d\u00e9cembre 1999 avait abattu une quarantaine de marronniers datant de la fin du XIXe si\u00e8cle. Nous appelions cet endroit la for\u00eat, car l&rsquo;ombre y \u00e9tait fra\u00eeche. Dans les ann\u00e9es 2001 et 2002, de nouveaux arbres ont \u00e9t\u00e9 plant\u00e9s.<\/p>\n","protected":false},"excerpt":{"rendered":"<p>Lundi 2 janvier 2012, 15h45, derniers rayons de soleil sur le Jardin du Luxembourg. Juste apr\u00e8s, il va y avoir une forte pluie subite et un arc-en-ciel sur l&rsquo;Od\u00e9on. La temp\u00eate du 26 d\u00e9cembre 1999 avait abattu une quarantaine de marronniers datant de la fin du XIXe si\u00e8cle. Nous appelions cet endroit la for\u00eat, car &hellip; <a href=\"https:\/\/jlggb.net\/blog3\/?p=655\" class=\"more-link\">Continuer la lecture de <span class=\"screen-reader-text\">La for\u00eat replant\u00e9e il y a dix ans<\/span><\/a><\/p>\n","protected":false},"author":2,"featured_media":0,"comment_status":"closed","ping_status":"closed","sticky":false,"template":"","format":"standard","meta":{"footnotes":""},"categories":[51,24,115],"tags":[117,116],"class_list":["post-655","post","type-post","status-publish","format-standard","hentry","category-moments","category-monuments","category-plantes-2","tag-arbres","tag-jardin-du-luxembourg"],"_links":{"self":[{"href":"https:\/\/jlggb.net\/blog3\/index.php?rest_route=\/wp\/v2\/posts\/655","targetHints":{"allow":["GET"]}}],"collection":[{"href":"https:\/\/jlggb.net\/blog3\/index.php?rest_route=\/wp\/v2\/posts"}],"about":[{"href":"https:\/\/jlggb.net\/blog3\/index.php?rest_route=\/wp\/v2\/types\/post"}],"author":[{"embeddable":true,"href":"https:\/\/jlggb.net\/blog3\/index.php?rest_route=\/wp\/v2\/users\/2"}],"replies":[{"embeddable":true,"href":"https:\/\/jlggb.net\/blog3\/index.php?rest_route=%2Fwp%2Fv2%2Fcomments&post=655"}],"version-history":[{"count":0,"href":"https:\/\/jlggb.net\/blog3\/index.php?rest_route=\/wp\/v2\/posts\/655\/revisions"}],"wp:attachment":[{"href":"https:\/\/jlggb.net\/blog3\/index.php?rest_route=%2Fwp%2Fv2%2Fmedia&parent=655"}],"wp:term":[{"taxonomy":"category","embeddable":true,"href":"https:\/\/jlggb.net\/blog3\/index.php?rest_route=%2Fwp%2Fv2%2Fcategories&post=655"},{"taxonomy":"post_tag","embeddable":true,"href":"https:\/\/jlggb.net\/blog3\/index.php?rest_route=%2Fwp%2Fv2%2Ftags&post=655"}],"curies":[{"name":"wp","href":"https:\/\/api.w.org\/{rel}","templated":true}]}}