{"id":6508,"date":"2013-09-18T17:00:02","date_gmt":"2013-09-18T15:00:02","guid":{"rendered":"http:\/\/jlggb.net\/blog3\/?p=6508"},"modified":"2013-09-19T01:40:35","modified_gmt":"2013-09-18T23:40:35","slug":"vingt-ans-darchives","status":"publish","type":"post","link":"https:\/\/jlggb.net\/blog3\/?p=6508","title":{"rendered":"Vingt ans d&rsquo;archives"},"content":{"rendered":"<p><a href=\"https:\/\/jlggb.net\/blog3\/wp-content\/uploads\/2013\/09\/MF-Geidai-horloge.jpg\" data-rel=\"lightbox-image-0\" data-imagelightbox=\"0\" data-rl_title=\"\" data-rl_caption=\"\" title=\"\"><img loading=\"lazy\" decoding=\"async\" src=\"https:\/\/jlggb.net\/blog3\/wp-content\/uploads\/2013\/09\/MF-Geidai-horloge.jpg\" alt=\"MF Geidai horloge\" width=\"640\" height=\"480\" class=\"alignnone size-full wp-image-6511\" srcset=\"https:\/\/jlggb.net\/blog3\/wp-content\/uploads\/2013\/09\/MF-Geidai-horloge.jpg 1600w, https:\/\/jlggb.net\/blog3\/wp-content\/uploads\/2013\/09\/MF-Geidai-horloge-300x225.jpg 300w, https:\/\/jlggb.net\/blog3\/wp-content\/uploads\/2013\/09\/MF-Geidai-horloge-1024x768.jpg 1024w, https:\/\/jlggb.net\/blog3\/wp-content\/uploads\/2013\/09\/MF-Geidai-horloge-150x112.jpg 150w\" sizes=\"auto, (max-width: 640px) 100vw, 640px\" \/><\/a><br \/>\n<a href=\"https:\/\/jlggb.net\/blog3\/wp-content\/uploads\/2013\/09\/MF-Geidai-Archives-1.jpg\" data-rel=\"lightbox-image-1\" data-imagelightbox=\"1\" data-rl_title=\"\" data-rl_caption=\"\" title=\"\"><img loading=\"lazy\" decoding=\"async\" src=\"https:\/\/jlggb.net\/blog3\/wp-content\/uploads\/2013\/09\/MF-Geidai-Archives-1.jpg\" alt=\"MF Geidai Archives 1\" width=\"640\" height=\"480\" class=\"alignnone size-full wp-image-6510\" srcset=\"https:\/\/jlggb.net\/blog3\/wp-content\/uploads\/2013\/09\/MF-Geidai-Archives-1.jpg 1600w, https:\/\/jlggb.net\/blog3\/wp-content\/uploads\/2013\/09\/MF-Geidai-Archives-1-300x225.jpg 300w, https:\/\/jlggb.net\/blog3\/wp-content\/uploads\/2013\/09\/MF-Geidai-Archives-1-1024x768.jpg 1024w, https:\/\/jlggb.net\/blog3\/wp-content\/uploads\/2013\/09\/MF-Geidai-Archives-1-150x112.jpg 150w\" sizes=\"auto, (max-width: 640px) 100vw, 640px\" \/><\/a><br \/>\n<a href=\"https:\/\/jlggb.net\/blog3\/wp-content\/uploads\/2013\/09\/MF-Geidai-Archives-2.jpg\" data-rel=\"lightbox-image-2\" data-imagelightbox=\"2\" data-rl_title=\"\" data-rl_caption=\"\" title=\"\"><img loading=\"lazy\" decoding=\"async\" src=\"https:\/\/jlggb.net\/blog3\/wp-content\/uploads\/2013\/09\/MF-Geidai-Archives-2.jpg\" alt=\"MF Geidai Archives 2\" width=\"640\" height=\"480\" class=\"alignnone size-full wp-image-6509\" srcset=\"https:\/\/jlggb.net\/blog3\/wp-content\/uploads\/2013\/09\/MF-Geidai-Archives-2.jpg 1600w, https:\/\/jlggb.net\/blog3\/wp-content\/uploads\/2013\/09\/MF-Geidai-Archives-2-300x225.jpg 300w, https:\/\/jlggb.net\/blog3\/wp-content\/uploads\/2013\/09\/MF-Geidai-Archives-2-1024x768.jpg 1024w, https:\/\/jlggb.net\/blog3\/wp-content\/uploads\/2013\/09\/MF-Geidai-Archives-2-150x112.jpg 150w\" sizes=\"auto, (max-width: 640px) 100vw, 640px\" \/><\/a><br \/>\nMercredi 18 septembre 2013, 12h\u00a0\u2014 18h, Art Media Center de Geidai (\u00c9cole des Beaux-Arts de Tokyo). Comme pr\u00e9vu de longue date, Masaki a apport\u00e9 de chez lui (dans sa Toyota Prius) l&rsquo;ensemble de ses carnets de travail depuis 1993 et nous commen\u00e7ons \u00e0 choisir les pages \u00e0 reproduire pour le livre.<\/p>\n","protected":false},"excerpt":{"rendered":"<p>Mercredi 18 septembre 2013, 12h\u00a0\u2014 18h, Art Media Center de Geidai (\u00c9cole des Beaux-Arts de Tokyo). Comme pr\u00e9vu de longue date, Masaki a apport\u00e9 de chez lui (dans sa Toyota Prius) l&rsquo;ensemble de ses carnets de travail depuis 1993 et nous commen\u00e7ons \u00e0 choisir les pages \u00e0 reproduire pour le livre.<\/p>\n","protected":false},"author":2,"featured_media":0,"comment_status":"closed","ping_status":"closed","sticky":false,"template":"","format":"standard","meta":{"footnotes":""},"categories":[7,74],"tags":[707,320,514],"class_list":["post-6508","post","type-post","status-publish","format-standard","hentry","category-arts","category-personnes","tag-geidai","tag-masaki-fujihata","tag-tokyo"],"_links":{"self":[{"href":"https:\/\/jlggb.net\/blog3\/index.php?rest_route=\/wp\/v2\/posts\/6508","targetHints":{"allow":["GET"]}}],"collection":[{"href":"https:\/\/jlggb.net\/blog3\/index.php?rest_route=\/wp\/v2\/posts"}],"about":[{"href":"https:\/\/jlggb.net\/blog3\/index.php?rest_route=\/wp\/v2\/types\/post"}],"author":[{"embeddable":true,"href":"https:\/\/jlggb.net\/blog3\/index.php?rest_route=\/wp\/v2\/users\/2"}],"replies":[{"embeddable":true,"href":"https:\/\/jlggb.net\/blog3\/index.php?rest_route=%2Fwp%2Fv2%2Fcomments&post=6508"}],"version-history":[{"count":0,"href":"https:\/\/jlggb.net\/blog3\/index.php?rest_route=\/wp\/v2\/posts\/6508\/revisions"}],"wp:attachment":[{"href":"https:\/\/jlggb.net\/blog3\/index.php?rest_route=%2Fwp%2Fv2%2Fmedia&parent=6508"}],"wp:term":[{"taxonomy":"category","embeddable":true,"href":"https:\/\/jlggb.net\/blog3\/index.php?rest_route=%2Fwp%2Fv2%2Fcategories&post=6508"},{"taxonomy":"post_tag","embeddable":true,"href":"https:\/\/jlggb.net\/blog3\/index.php?rest_route=%2Fwp%2Fv2%2Ftags&post=6508"}],"curies":[{"name":"wp","href":"https:\/\/api.w.org\/{rel}","templated":true}]}}