{"id":629,"date":"2011-12-31T16:30:21","date_gmt":"2011-12-31T15:30:21","guid":{"rendered":"http:\/\/jlggb.net\/blog3\/?p=629"},"modified":"2025-11-16T22:39:04","modified_gmt":"2025-11-16T21:39:04","slug":"ou-etait-passee-la-spatz-molla","status":"publish","type":"post","link":"https:\/\/jlggb.net\/blog3\/?p=629","title":{"rendered":"On avait perdu de vue la Spatz Molla"},"content":{"rendered":"<p><a href=\"https:\/\/jlggb.net\/blog3\/wp-content\/uploads\/2011\/12\/roger-tallon-chaises.jpg\" data-rel=\"lightbox-image-0\" data-imagelightbox=\"0\" data-rl_title=\"\" data-rl_caption=\"\"><img loading=\"lazy\" decoding=\"async\" class=\"alignnone size-full wp-image-636\" title=\"\" src=\"https:\/\/jlggb.net\/blog3\/wp-content\/uploads\/2011\/12\/roger-tallon-chaises.jpg\" alt=\"\" width=\"640\" height=\"480\" srcset=\"https:\/\/jlggb.net\/blog3\/wp-content\/uploads\/2011\/12\/roger-tallon-chaises.jpg 1281w, https:\/\/jlggb.net\/blog3\/wp-content\/uploads\/2011\/12\/roger-tallon-chaises-300x225.jpg 300w, https:\/\/jlggb.net\/blog3\/wp-content\/uploads\/2011\/12\/roger-tallon-chaises-1024x768.jpg 1024w, https:\/\/jlggb.net\/blog3\/wp-content\/uploads\/2011\/12\/roger-tallon-chaises-150x112.jpg 150w\" sizes=\"auto, (max-width: 640px) 100vw, 640px\" \/><\/a><br \/>\nSamedi 31 d\u00e9cembre 2011, 13h-15h, Centre Pompidou. Collections du 4e \u00e9tage du Mus\u00e9e national d&rsquo;art contemporain&nbsp;: Roger Tallon (1929-2011),<em> Chaise Standard, Module 400<\/em> et <em><em>Chaise \u00c9chiquier<\/em><\/em>, 1966, fonte d&rsquo;aluminium poli, mousse de polyur\u00e9thane alv\u00e9ol\u00e9e, \u00e9dition galerie Lacloche, achat 2010. Je n&rsquo;aurais pas photographi\u00e9 ces chaises sans l&rsquo;accroche de la Spatz Molla. Car le \u00ab vrai nom \u00bb de cette mousse est Spatz Molla. Nous avions, dans les ann\u00e9es 70, des matelas de camping en\u00a0Spatz Molla, ce mat\u00e9riau ultramoderne de la maison Spatz, \u00e0 Z\u00fcrich&nbsp;: <a href=\"http:\/\/www.campingshop.ch\/cgi-local\/shop.pl\/page=f_main.htm\" target=\"_blank\" rel=\"noopener\">http:\/\/www.spatz.ch<\/a>. Nous l&rsquo;avions perdue de vue. C&rsquo;\u00e9tait toute une \u00e9poque.<br \/>\n<a href=\"http:\/\/www.jousse-entreprise.com\/images\/expos\/cp_tallon.pdf?PHPSESSID=cf6581946c57058dee5852b9dee2401a\" target=\"_blank\" rel=\"noopener\">Dossier de presse de la galerie Jousse Entreprise, 2005<\/a>&nbsp;: Le \u00ab Module 400 \u00bb (1965) fut con\u00e7u pour l\u2019am\u00e9nagement d\u2019une bo\u00eete de nuit. Occupant un ancien garage, le lieu devait \u00e9voquer un tron\u00e7on d\u2019autoroute. Tallon en quadrilla le sol de dalles m\u00e9talliques de 400 x 400 mm de c\u00f4t\u00e9.<br \/>\nRoger Tallon est celui par qui on a entendu l&rsquo;expression <em>esth\u00e9tique industrielle<\/em>, avec pr\u00e9cis\u00e9ment pour moi l&rsquo;image de la cam\u00e9ra Sem Veronic 8mm (1957). Ensuite, on a connu\u00a0l\u2019escalier h\u00e9lico\u00efdal (1964), le t\u00e9l\u00e9viseur T\u00e9l\u00e9avia (1966), la maquette de la revue <em>Art Press<\/em> (1973), les derni\u00e8res montres Lip (1973-75), les trains Corail, le TGV, l&rsquo;Eurostar \u2014 mais\u00a0Tallon devait d\u00e9clarer en janvier 2011 \u00e0 <em>T\u00e9l\u00e9rama<\/em>&nbsp;: \u00ab La SNCF d\u00e9truit tout mon travail. Je ne lui pardonnerai jamais. \u00bb Il avait fond\u00e9 en 1963 le d\u00e9partement design de l&rsquo;\u00c9cole nationale sup\u00e9rieure des Arts D\u00e9coratifs, o\u00f9 il enseigna pendant 30 ans.<\/p>\n<p><img loading=\"lazy\" decoding=\"async\" class=\" wp-image-645 aligncenter\" title=\"spatz\" src=\"https:\/\/jlggb.net\/blog3\/wp-content\/uploads\/2011\/12\/spatz.jpg\" alt=\"\" width=\"200\" height=\"116\" srcset=\"https:\/\/jlggb.net\/blog3\/wp-content\/uploads\/2011\/12\/spatz.jpg 277w, https:\/\/jlggb.net\/blog3\/wp-content\/uploads\/2011\/12\/spatz-150x87.jpg 150w\" sizes=\"auto, (max-width: 200px) 100vw, 200px\" \/><\/p>\n","protected":false},"excerpt":{"rendered":"<p>Samedi 31 d\u00e9cembre 2011, 13h-15h, Centre Pompidou. Collections du 4e \u00e9tage du Mus\u00e9e national d&rsquo;art contemporain&nbsp;: Roger Tallon (1929-2011), Chaise Standard, Module 400 et Chaise \u00c9chiquier, 1966, fonte d&rsquo;aluminium poli, mousse de polyur\u00e9thane alv\u00e9ol\u00e9e, \u00e9dition galerie Lacloche, achat 2010. Je n&rsquo;aurais pas photographi\u00e9 ces chaises sans l&rsquo;accroche de la Spatz Molla. Car le \u00ab vrai &hellip; <a href=\"https:\/\/jlggb.net\/blog3\/?p=629\" class=\"more-link\">Continuer la lecture de <span class=\"screen-reader-text\">On avait perdu de vue la Spatz Molla<\/span><\/a><\/p>\n","protected":false},"author":2,"featured_media":0,"comment_status":"closed","ping_status":"closed","sticky":false,"template":"","format":"standard","meta":{"footnotes":""},"categories":[43,44,74],"tags":[105,114],"class_list":["post-629","post","type-post","status-publish","format-standard","hentry","category-design","category-objets","category-personnes","tag-centre-pompidou","tag-roger-tallon"],"_links":{"self":[{"href":"https:\/\/jlggb.net\/blog3\/index.php?rest_route=\/wp\/v2\/posts\/629","targetHints":{"allow":["GET"]}}],"collection":[{"href":"https:\/\/jlggb.net\/blog3\/index.php?rest_route=\/wp\/v2\/posts"}],"about":[{"href":"https:\/\/jlggb.net\/blog3\/index.php?rest_route=\/wp\/v2\/types\/post"}],"author":[{"embeddable":true,"href":"https:\/\/jlggb.net\/blog3\/index.php?rest_route=\/wp\/v2\/users\/2"}],"replies":[{"embeddable":true,"href":"https:\/\/jlggb.net\/blog3\/index.php?rest_route=%2Fwp%2Fv2%2Fcomments&post=629"}],"version-history":[{"count":2,"href":"https:\/\/jlggb.net\/blog3\/index.php?rest_route=\/wp\/v2\/posts\/629\/revisions"}],"predecessor-version":[{"id":8461,"href":"https:\/\/jlggb.net\/blog3\/index.php?rest_route=\/wp\/v2\/posts\/629\/revisions\/8461"}],"wp:attachment":[{"href":"https:\/\/jlggb.net\/blog3\/index.php?rest_route=%2Fwp%2Fv2%2Fmedia&parent=629"}],"wp:term":[{"taxonomy":"category","embeddable":true,"href":"https:\/\/jlggb.net\/blog3\/index.php?rest_route=%2Fwp%2Fv2%2Fcategories&post=629"},{"taxonomy":"post_tag","embeddable":true,"href":"https:\/\/jlggb.net\/blog3\/index.php?rest_route=%2Fwp%2Fv2%2Ftags&post=629"}],"curies":[{"name":"wp","href":"https:\/\/api.w.org\/{rel}","templated":true}]}}