{"id":5845,"date":"2013-06-03T12:30:26","date_gmt":"2013-06-03T10:30:26","guid":{"rendered":"http:\/\/jlggb.net\/blog3\/?p=5845"},"modified":"2013-06-05T22:53:55","modified_gmt":"2013-06-05T20:53:55","slug":"domaine-universitaire","status":"publish","type":"post","link":"https:\/\/jlggb.net\/blog3\/?p=5845","title":{"rendered":"Domaine universitaire"},"content":{"rendered":"<p><a href=\"https:\/\/jlggb.net\/blog3\/wp-content\/uploads\/2013\/06\/P8-esplanade.jpg\" data-rel=\"lightbox-image-0\" data-imagelightbox=\"0\" data-rl_title=\"\" data-rl_caption=\"\" title=\"\"><img loading=\"lazy\" decoding=\"async\" src=\"https:\/\/jlggb.net\/blog3\/wp-content\/uploads\/2013\/06\/P8-esplanade.jpg\" alt=\"P8-esplanade\" width=\"640\" height=\"480\" class=\"alignnone size-full wp-image-5846\" srcset=\"https:\/\/jlggb.net\/blog3\/wp-content\/uploads\/2013\/06\/P8-esplanade.jpg 1600w, https:\/\/jlggb.net\/blog3\/wp-content\/uploads\/2013\/06\/P8-esplanade-300x225.jpg 300w, https:\/\/jlggb.net\/blog3\/wp-content\/uploads\/2013\/06\/P8-esplanade-1024x768.jpg 1024w, https:\/\/jlggb.net\/blog3\/wp-content\/uploads\/2013\/06\/P8-esplanade-150x112.jpg 150w\" sizes=\"auto, (max-width: 640px) 100vw, 640px\" \/><\/a><br \/>\nLundi 3 juin 2013, 12h30, Universit\u00e9 Paris 8, Saint-Denis (mes derniers jours ici, pour le cours \u00ab&nbsp;intensif&nbsp;\u00bb&nbsp;: \u00ab&nbsp;Un enseignement des arts plastiques de 1969 \u00e0 2013&nbsp;\u00bb). Cette partie de l&rsquo;universit\u00e9, aujourd&rsquo;hui entour\u00e9e de grilles sans portes, fut construite au cours de l&rsquo;\u00e9t\u00e9 1980, pendant que le site du Bois de Vincennes \u00e9tait d\u00e9truit. Voir&nbsp;: <a href=\"http:\/\/jlggb.net\/blog2\/?p=7005\" target=\"_blank\">\u00ab&nbsp;12 photographies in\u00e9dites d\u2019ao\u00fbt 1980&nbsp;\u00bb<\/a>. La sculpture (acier et n\u00e9on) est de Bernard Gerboud.<\/p>\n","protected":false},"excerpt":{"rendered":"<p>Lundi 3 juin 2013, 12h30, Universit\u00e9 Paris 8, Saint-Denis (mes derniers jours ici, pour le cours \u00ab&nbsp;intensif&nbsp;\u00bb&nbsp;: \u00ab&nbsp;Un enseignement des arts plastiques de 1969 \u00e0 2013&nbsp;\u00bb). Cette partie de l&rsquo;universit\u00e9, aujourd&rsquo;hui entour\u00e9e de grilles sans portes, fut construite au cours de l&rsquo;\u00e9t\u00e9 1980, pendant que le site du Bois de Vincennes \u00e9tait d\u00e9truit. Voir&nbsp;: \u00ab&nbsp;12 &hellip; <a href=\"https:\/\/jlggb.net\/blog3\/?p=5845\" class=\"more-link\">Continuer la lecture de <span class=\"screen-reader-text\">Domaine universitaire<\/span><\/a><\/p>\n","protected":false},"author":2,"featured_media":0,"comment_status":"closed","ping_status":"closed","sticky":false,"template":"","format":"standard","meta":{"footnotes":""},"categories":[64,51,24],"tags":[68,255],"class_list":["post-5845","post","type-post","status-publish","format-standard","hentry","category-architecture","category-moments","category-monuments","tag-saint-denis","tag-universite-paris-8"],"_links":{"self":[{"href":"https:\/\/jlggb.net\/blog3\/index.php?rest_route=\/wp\/v2\/posts\/5845","targetHints":{"allow":["GET"]}}],"collection":[{"href":"https:\/\/jlggb.net\/blog3\/index.php?rest_route=\/wp\/v2\/posts"}],"about":[{"href":"https:\/\/jlggb.net\/blog3\/index.php?rest_route=\/wp\/v2\/types\/post"}],"author":[{"embeddable":true,"href":"https:\/\/jlggb.net\/blog3\/index.php?rest_route=\/wp\/v2\/users\/2"}],"replies":[{"embeddable":true,"href":"https:\/\/jlggb.net\/blog3\/index.php?rest_route=%2Fwp%2Fv2%2Fcomments&post=5845"}],"version-history":[{"count":0,"href":"https:\/\/jlggb.net\/blog3\/index.php?rest_route=\/wp\/v2\/posts\/5845\/revisions"}],"wp:attachment":[{"href":"https:\/\/jlggb.net\/blog3\/index.php?rest_route=%2Fwp%2Fv2%2Fmedia&parent=5845"}],"wp:term":[{"taxonomy":"category","embeddable":true,"href":"https:\/\/jlggb.net\/blog3\/index.php?rest_route=%2Fwp%2Fv2%2Fcategories&post=5845"},{"taxonomy":"post_tag","embeddable":true,"href":"https:\/\/jlggb.net\/blog3\/index.php?rest_route=%2Fwp%2Fv2%2Ftags&post=5845"}],"curies":[{"name":"wp","href":"https:\/\/api.w.org\/{rel}","templated":true}]}}