{"id":5672,"date":"2013-04-23T16:00:41","date_gmt":"2013-04-23T14:00:41","guid":{"rendered":"http:\/\/jlggb.net\/blog3\/?p=5672"},"modified":"2013-04-25T22:43:53","modified_gmt":"2013-04-25T20:43:53","slug":"lacier","status":"publish","type":"post","link":"https:\/\/jlggb.net\/blog3\/?p=5672","title":{"rendered":"L&rsquo;acier (1)"},"content":{"rendered":"<p><a href=\"https:\/\/jlggb.net\/blog3\/wp-content\/uploads\/2013\/04\/halles-acier.jpg\" data-rel=\"lightbox-image-0\" data-imagelightbox=\"0\" data-rl_title=\"\" data-rl_caption=\"\" title=\"\"><img loading=\"lazy\" decoding=\"async\" src=\"https:\/\/jlggb.net\/blog3\/wp-content\/uploads\/2013\/04\/halles-acier.jpg\" alt=\"halles-acier\" width=\"640\" height=\"480\" class=\"alignnone size-full wp-image-5674\" srcset=\"https:\/\/jlggb.net\/blog3\/wp-content\/uploads\/2013\/04\/halles-acier.jpg 1600w, https:\/\/jlggb.net\/blog3\/wp-content\/uploads\/2013\/04\/halles-acier-300x225.jpg 300w, https:\/\/jlggb.net\/blog3\/wp-content\/uploads\/2013\/04\/halles-acier-1024x768.jpg 1024w, https:\/\/jlggb.net\/blog3\/wp-content\/uploads\/2013\/04\/halles-acier-150x112.jpg 150w\" sizes=\"auto, (max-width: 640px) 100vw, 640px\" \/><\/a><br \/>\nMardi 23 avril 2013, 16h. En construction, la nouvelle couverture du trou des Halles. \u00c0 moi Labrouste, Baltard, Eiffel&nbsp;! O\u00f9 est pass\u00e9e la l\u00e9g\u00e8ret\u00e9 de la fonte et de l&rsquo;acier&nbsp;?<\/p>\n","protected":false},"excerpt":{"rendered":"<p>Mardi 23 avril 2013, 16h. En construction, la nouvelle couverture du trou des Halles. \u00c0 moi Labrouste, Baltard, Eiffel&nbsp;! O\u00f9 est pass\u00e9e la l\u00e9g\u00e8ret\u00e9 de la fonte et de l&rsquo;acier&nbsp;?<\/p>\n","protected":false},"author":2,"featured_media":0,"comment_status":"closed","ping_status":"closed","sticky":false,"template":"","format":"standard","meta":{"footnotes":""},"categories":[64,24],"tags":[640,36],"class_list":["post-5672","post","type-post","status-publish","format-standard","hentry","category-architecture","category-monuments","tag-les-halles","tag-paris"],"_links":{"self":[{"href":"https:\/\/jlggb.net\/blog3\/index.php?rest_route=\/wp\/v2\/posts\/5672","targetHints":{"allow":["GET"]}}],"collection":[{"href":"https:\/\/jlggb.net\/blog3\/index.php?rest_route=\/wp\/v2\/posts"}],"about":[{"href":"https:\/\/jlggb.net\/blog3\/index.php?rest_route=\/wp\/v2\/types\/post"}],"author":[{"embeddable":true,"href":"https:\/\/jlggb.net\/blog3\/index.php?rest_route=\/wp\/v2\/users\/2"}],"replies":[{"embeddable":true,"href":"https:\/\/jlggb.net\/blog3\/index.php?rest_route=%2Fwp%2Fv2%2Fcomments&post=5672"}],"version-history":[{"count":0,"href":"https:\/\/jlggb.net\/blog3\/index.php?rest_route=\/wp\/v2\/posts\/5672\/revisions"}],"wp:attachment":[{"href":"https:\/\/jlggb.net\/blog3\/index.php?rest_route=%2Fwp%2Fv2%2Fmedia&parent=5672"}],"wp:term":[{"taxonomy":"category","embeddable":true,"href":"https:\/\/jlggb.net\/blog3\/index.php?rest_route=%2Fwp%2Fv2%2Fcategories&post=5672"},{"taxonomy":"post_tag","embeddable":true,"href":"https:\/\/jlggb.net\/blog3\/index.php?rest_route=%2Fwp%2Fv2%2Ftags&post=5672"}],"curies":[{"name":"wp","href":"https:\/\/api.w.org\/{rel}","templated":true}]}}