{"id":5638,"date":"2013-04-14T14:45:20","date_gmt":"2013-04-14T12:45:20","guid":{"rendered":"http:\/\/jlggb.net\/blog3\/?p=5638"},"modified":"2013-06-20T19:00:09","modified_gmt":"2013-06-20T17:00:09","slug":"un-certain-souci-du-public","status":"publish","type":"post","link":"https:\/\/jlggb.net\/blog3\/?p=5638","title":{"rendered":"Un certain souci du public"},"content":{"rendered":"<p><a href=\"https:\/\/jlggb.net\/blog3\/wp-content\/uploads\/2013\/04\/leparc-cercles.jpg\" data-rel=\"lightbox-image-0\" data-imagelightbox=\"0\" data-rl_title=\"\" data-rl_caption=\"\" title=\"\"><img loading=\"lazy\" decoding=\"async\" src=\"https:\/\/jlggb.net\/blog3\/wp-content\/uploads\/2013\/04\/leparc-cercles.jpg\" alt=\"leparc-cercles\" width=\"640\" height=\"480\" class=\"alignnone size-full wp-image-5642\" srcset=\"https:\/\/jlggb.net\/blog3\/wp-content\/uploads\/2013\/04\/leparc-cercles.jpg 1600w, https:\/\/jlggb.net\/blog3\/wp-content\/uploads\/2013\/04\/leparc-cercles-300x225.jpg 300w, https:\/\/jlggb.net\/blog3\/wp-content\/uploads\/2013\/04\/leparc-cercles-1024x768.jpg 1024w, https:\/\/jlggb.net\/blog3\/wp-content\/uploads\/2013\/04\/leparc-cercles-150x112.jpg 150w\" sizes=\"auto, (max-width: 640px) 100vw, 640px\" \/><\/a><br \/>\n<a href=\"https:\/\/jlggb.net\/blog3\/wp-content\/uploads\/2013\/04\/leparc-rubans.jpg\" data-rel=\"lightbox-image-1\" data-imagelightbox=\"1\" data-rl_title=\"\" data-rl_caption=\"\" title=\"\"><img loading=\"lazy\" decoding=\"async\" src=\"https:\/\/jlggb.net\/blog3\/wp-content\/uploads\/2013\/04\/leparc-rubans.jpg\" alt=\"leparc-rubans\" width=\"640\" height=\"480\" class=\"alignnone size-full wp-image-5641\" srcset=\"https:\/\/jlggb.net\/blog3\/wp-content\/uploads\/2013\/04\/leparc-rubans.jpg 1600w, https:\/\/jlggb.net\/blog3\/wp-content\/uploads\/2013\/04\/leparc-rubans-300x225.jpg 300w, https:\/\/jlggb.net\/blog3\/wp-content\/uploads\/2013\/04\/leparc-rubans-1024x768.jpg 1024w, https:\/\/jlggb.net\/blog3\/wp-content\/uploads\/2013\/04\/leparc-rubans-150x112.jpg 150w\" sizes=\"auto, (max-width: 640px) 100vw, 640px\" \/><\/a><br \/>\nDimanche 14 avril 2013, 14h \u2014 16h. Les \u0153uvres de Julio Le Parc (n\u00e9 en 1928 en Argentine, vit et travaille \u00e0 Cachan) n&rsquo;avaient jamais \u00e9t\u00e9 montr\u00e9es en nombre comme ici au <a href=\"http:\/\/www.palaisdetokyo.com\/fr\/exposition\/julio-le-parc\" target=\"_blank\">Palais de Tokyo<\/a>. L&rsquo;ayant rencontr\u00e9 en 1968 (voir&nbsp;: <a href=\"http:\/\/jlggb.net\/blog2\/?p=2639\" target=\"_blank\">http:\/\/jlggb.net\/blog2\/?p=2639<\/a>) et connaissant assez bien son travail de l&rsquo;\u00e9poque, je le trouvais trop pr\u00e9tentieux pour \u00eatre sympathique. Mais sa fa\u00e7on de vouloir casser le mythe de l&rsquo;incompr\u00e9hension de l&rsquo;art contemporain par le public contemporain m&rsquo;int\u00e9ressait et reste int\u00e9ressante, avec une dimension politique d\u00e9gag\u00e9e de sa radicalit\u00e9 proclam\u00e9e. C&rsquo;est peut-\u00eatre (outre les motivations commerciales) la raison de son retour, comme, d&rsquo;une fa\u00e7on g\u00e9n\u00e9rale, celui de l&rsquo;art cin\u00e9tique, de la lumi\u00e8re et du mouvement (dont nous avons expos\u00e9 certains aspects du prolongement par de jeunes artistes dans \u00ab\u00a0leurs lumi\u00e8res \u00bb, l&rsquo;automne dernier au Centre culturel de Saint-Riquier). <em>S\u00e9rie 15<\/em>, 1971-2012, acrylique sur toile (peinture horizontale); <em>Rubans au vent<\/em>, 1988, bois, rubans, ventilateur, moteur, lumi\u00e8re.<br \/>\nVoir&nbsp;: <a href=\"https:\/\/jlggb.net\/blog3\/?p=4102\" target=\"_blank\">https:\/\/jlggb.net\/blog3\/?p=4102<br \/>\n<\/a><\/p>\n","protected":false},"excerpt":{"rendered":"<p>Dimanche 14 avril 2013, 14h \u2014 16h. Les \u0153uvres de Julio Le Parc (n\u00e9 en 1928 en Argentine, vit et travaille \u00e0 Cachan) n&rsquo;avaient jamais \u00e9t\u00e9 montr\u00e9es en nombre comme ici au Palais de Tokyo. L&rsquo;ayant rencontr\u00e9 en 1968 (voir&nbsp;: http:\/\/jlggb.net\/blog2\/?p=2639) et connaissant assez bien son travail de l&rsquo;\u00e9poque, je le trouvais trop pr\u00e9tentieux pour &hellip; <a href=\"https:\/\/jlggb.net\/blog3\/?p=5638\" class=\"more-link\">Continuer la lecture de <span class=\"screen-reader-text\">Un certain souci du public<\/span><\/a><\/p>\n","protected":false},"author":2,"featured_media":0,"comment_status":"closed","ping_status":"closed","sticky":false,"template":"","format":"standard","meta":{"footnotes":""},"categories":[7,60,170],"tags":[636,341],"class_list":["post-5638","post","type-post","status-publish","format-standard","hentry","category-arts","category-couleurs","category-histoire","tag-julio-le-parc","tag-palais-de-tokyo"],"_links":{"self":[{"href":"https:\/\/jlggb.net\/blog3\/index.php?rest_route=\/wp\/v2\/posts\/5638","targetHints":{"allow":["GET"]}}],"collection":[{"href":"https:\/\/jlggb.net\/blog3\/index.php?rest_route=\/wp\/v2\/posts"}],"about":[{"href":"https:\/\/jlggb.net\/blog3\/index.php?rest_route=\/wp\/v2\/types\/post"}],"author":[{"embeddable":true,"href":"https:\/\/jlggb.net\/blog3\/index.php?rest_route=\/wp\/v2\/users\/2"}],"replies":[{"embeddable":true,"href":"https:\/\/jlggb.net\/blog3\/index.php?rest_route=%2Fwp%2Fv2%2Fcomments&post=5638"}],"version-history":[{"count":0,"href":"https:\/\/jlggb.net\/blog3\/index.php?rest_route=\/wp\/v2\/posts\/5638\/revisions"}],"wp:attachment":[{"href":"https:\/\/jlggb.net\/blog3\/index.php?rest_route=%2Fwp%2Fv2%2Fmedia&parent=5638"}],"wp:term":[{"taxonomy":"category","embeddable":true,"href":"https:\/\/jlggb.net\/blog3\/index.php?rest_route=%2Fwp%2Fv2%2Fcategories&post=5638"},{"taxonomy":"post_tag","embeddable":true,"href":"https:\/\/jlggb.net\/blog3\/index.php?rest_route=%2Fwp%2Fv2%2Ftags&post=5638"}],"curies":[{"name":"wp","href":"https:\/\/api.w.org\/{rel}","templated":true}]}}