{"id":5541,"date":"2013-03-31T18:00:54","date_gmt":"2013-03-31T16:00:54","guid":{"rendered":"http:\/\/jlggb.net\/blog3\/?p=5541"},"modified":"2013-04-01T00:51:12","modified_gmt":"2013-03-31T22:51:12","slug":"paques-studieuses","status":"publish","type":"post","link":"https:\/\/jlggb.net\/blog3\/?p=5541","title":{"rendered":"P\u00e2ques studieuses"},"content":{"rendered":"<p><a href=\"https:\/\/jlggb.net\/blog3\/wp-content\/uploads\/2013\/04\/maison-allemagne-biblio.jpg\" data-rel=\"lightbox-image-0\" data-imagelightbox=\"0\" data-rl_title=\"\" data-rl_caption=\"\" title=\"\"><img loading=\"lazy\" decoding=\"async\" src=\"https:\/\/jlggb.net\/blog3\/wp-content\/uploads\/2013\/04\/maison-allemagne-biblio.jpg\" alt=\"maison-allemagne-biblio\" width=\"640\" height=\"480\" class=\"alignnone size-full wp-image-5564\" \/><\/a><br \/>\n<a href=\"https:\/\/jlggb.net\/blog3\/wp-content\/uploads\/2013\/04\/maison-allemagne-escalier.jpg\" data-rel=\"lightbox-image-1\" data-imagelightbox=\"1\" data-rl_title=\"\" data-rl_caption=\"\" title=\"\"><img loading=\"lazy\" decoding=\"async\" src=\"https:\/\/jlggb.net\/blog3\/wp-content\/uploads\/2013\/04\/maison-allemagne-escalier.jpg\" alt=\"maison-allemagne-escalier\" width=\"640\" height=\"480\" class=\"alignnone size-full wp-image-5563\" srcset=\"https:\/\/jlggb.net\/blog3\/wp-content\/uploads\/2013\/04\/maison-allemagne-escalier.jpg 1600w, https:\/\/jlggb.net\/blog3\/wp-content\/uploads\/2013\/04\/maison-allemagne-escalier-300x225.jpg 300w, https:\/\/jlggb.net\/blog3\/wp-content\/uploads\/2013\/04\/maison-allemagne-escalier-1024x768.jpg 1024w, https:\/\/jlggb.net\/blog3\/wp-content\/uploads\/2013\/04\/maison-allemagne-escalier-150x112.jpg 150w\" sizes=\"auto, (max-width: 640px) 100vw, 640px\" \/><\/a><br \/>\nDimanche 31 mars 2013, 18h, Cit\u00e9 internationale, Paris, 14e. Inaugur\u00e9e en 1956, la Maison de l\u2019Allemagne \u00e0 la Cit\u00e9 internationale, premi\u00e8re repr\u00e9sentation officielle de l\u2019Allemagne en France dans l&rsquo;apr\u00e8s-guerre, a \u00e9t\u00e9 rebaptis\u00e9e Maison Heinrich Heine en 1967. Elle fut construite par <a href=\"http:\/\/www.architekten-portrait.de\/johannes_krahn\/index.html\" target=\"_blank\">Johannes Krahn<\/a>, un architecte marqu\u00e9 par ses ann\u00e9es de formation pendant la R\u00e9publique de Weimar. Ayant \u0153uvr\u00e9 \u00e0 la construction d&rsquo;\u00e9quipements publics et de monuments religieux, on peut reconna\u00eetre chez lui une influence de Le Corbusier dans ses r\u00e9alisations modernistes associant le b\u00e9ton, l\u2019acier et le verre.<\/p>\n","protected":false},"excerpt":{"rendered":"<p>Dimanche 31 mars 2013, 18h, Cit\u00e9 internationale, Paris, 14e. Inaugur\u00e9e en 1956, la Maison de l\u2019Allemagne \u00e0 la Cit\u00e9 internationale, premi\u00e8re repr\u00e9sentation officielle de l\u2019Allemagne en France dans l&rsquo;apr\u00e8s-guerre, a \u00e9t\u00e9 rebaptis\u00e9e Maison Heinrich Heine en 1967. Elle fut construite par Johannes Krahn, un architecte marqu\u00e9 par ses ann\u00e9es de formation pendant la R\u00e9publique de &hellip; <a href=\"https:\/\/jlggb.net\/blog3\/?p=5541\" class=\"more-link\">Continuer la lecture de <span class=\"screen-reader-text\">P\u00e2ques studieuses<\/span><\/a><\/p>\n","protected":false},"author":2,"featured_media":0,"comment_status":"closed","ping_status":"closed","sticky":false,"template":"","format":"standard","meta":{"footnotes":""},"categories":[64,35,16],"tags":[632,36],"class_list":["post-5541","post","type-post","status-publish","format-standard","hentry","category-architecture","category-escaliers","category-livres","tag-cite-internationale","tag-paris"],"_links":{"self":[{"href":"https:\/\/jlggb.net\/blog3\/index.php?rest_route=\/wp\/v2\/posts\/5541","targetHints":{"allow":["GET"]}}],"collection":[{"href":"https:\/\/jlggb.net\/blog3\/index.php?rest_route=\/wp\/v2\/posts"}],"about":[{"href":"https:\/\/jlggb.net\/blog3\/index.php?rest_route=\/wp\/v2\/types\/post"}],"author":[{"embeddable":true,"href":"https:\/\/jlggb.net\/blog3\/index.php?rest_route=\/wp\/v2\/users\/2"}],"replies":[{"embeddable":true,"href":"https:\/\/jlggb.net\/blog3\/index.php?rest_route=%2Fwp%2Fv2%2Fcomments&post=5541"}],"version-history":[{"count":0,"href":"https:\/\/jlggb.net\/blog3\/index.php?rest_route=\/wp\/v2\/posts\/5541\/revisions"}],"wp:attachment":[{"href":"https:\/\/jlggb.net\/blog3\/index.php?rest_route=%2Fwp%2Fv2%2Fmedia&parent=5541"}],"wp:term":[{"taxonomy":"category","embeddable":true,"href":"https:\/\/jlggb.net\/blog3\/index.php?rest_route=%2Fwp%2Fv2%2Fcategories&post=5541"},{"taxonomy":"post_tag","embeddable":true,"href":"https:\/\/jlggb.net\/blog3\/index.php?rest_route=%2Fwp%2Fv2%2Ftags&post=5541"}],"curies":[{"name":"wp","href":"https:\/\/api.w.org\/{rel}","templated":true}]}}