{"id":5482,"date":"2013-03-16T13:30:21","date_gmt":"2013-03-16T12:30:21","guid":{"rendered":"http:\/\/jlggb.net\/blog3\/?p=5482"},"modified":"2014-05-07T21:12:30","modified_gmt":"2014-05-07T19:12:30","slug":"un-veritable-air-de-fete","status":"publish","type":"post","link":"https:\/\/jlggb.net\/blog3\/?p=5482","title":{"rendered":"Un v\u00e9ritable air de f\u00eate"},"content":{"rendered":"<p><a href=\"https:\/\/jlggb.net\/blog3\/wp-content\/uploads\/2013\/03\/plainpalais-soleil.jpg\" data-rel=\"lightbox-image-0\" data-imagelightbox=\"0\" data-rl_title=\"\" data-rl_caption=\"\" title=\"\"><img loading=\"lazy\" decoding=\"async\" class=\"alignnone size-full wp-image-5485\" src=\"https:\/\/jlggb.net\/blog3\/wp-content\/uploads\/2013\/03\/plainpalais-soleil.jpg\" alt=\"plainpalais-soleil\" width=\"640\" height=\"480\" srcset=\"https:\/\/jlggb.net\/blog3\/wp-content\/uploads\/2013\/03\/plainpalais-soleil.jpg 1600w, https:\/\/jlggb.net\/blog3\/wp-content\/uploads\/2013\/03\/plainpalais-soleil-300x225.jpg 300w, https:\/\/jlggb.net\/blog3\/wp-content\/uploads\/2013\/03\/plainpalais-soleil-1024x768.jpg 1024w, https:\/\/jlggb.net\/blog3\/wp-content\/uploads\/2013\/03\/plainpalais-soleil-150x112.jpg 150w\" sizes=\"auto, (max-width: 640px) 100vw, 640px\" \/><\/a><br \/>\nSamedi 16 mars 2013, 13h30, Gen\u00e8ve. La plaine de Plainpalais, compl\u00e8tement reconstruite, est d&rsquo;apparence un peu trop lisse. Mais c&rsquo;est l\u00e0 que je situe ce que dit Rousseau de la f\u00eate, avec \u00ab\u00a0un v\u00e9ritable air de f\u00eate \u00bb, cette phrase extraordinaire&nbsp;:<\/p>\n<blockquote><p>Mais quels seront enfin les objets de ces spectacles&nbsp;? Qu&rsquo;y montrera-t-on&nbsp;? Rien, si l&rsquo;on veut. Avec la libert\u00e9, partout o\u00f9 r\u00e8gne l&rsquo;affluence, le bien-\u00eatre y r\u00e8gne aussi. Plantez au milieu d&rsquo;une place un piquet couronn\u00e9 de fleurs, rassemblez-y le peuple, et vous aurez une f\u00eate. Faites mieux encore&nbsp;: donnez les spectateurs en spectacle; rendez-les acteurs eux-m\u00eames; faites que chacun se voie et s&rsquo;aime dans les autres, afin que tous en soient mieux unis.<br \/>\n<em>Lettre \u00e0 d&rsquo;Alembert sur les spectacles<\/em><\/p><\/blockquote>\n","protected":false},"excerpt":{"rendered":"<p>Samedi 16 mars 2013, 13h30, Gen\u00e8ve. La plaine de Plainpalais, compl\u00e8tement reconstruite, est d&rsquo;apparence un peu trop lisse. Mais c&rsquo;est l\u00e0 que je situe ce que dit Rousseau de la f\u00eate, avec \u00ab\u00a0un v\u00e9ritable air de f\u00eate \u00bb, cette phrase extraordinaire&nbsp;: Mais quels seront enfin les objets de ces spectacles&nbsp;? Qu&rsquo;y montrera-t-on&nbsp;? Rien, si l&rsquo;on &hellip; <a href=\"https:\/\/jlggb.net\/blog3\/?p=5482\" class=\"more-link\">Continuer la lecture de <span class=\"screen-reader-text\">Un v\u00e9ritable air de f\u00eate<\/span><\/a><\/p>\n","protected":false},"author":2,"featured_media":0,"comment_status":"closed","ping_status":"closed","sticky":false,"template":"","format":"standard","meta":{"footnotes":""},"categories":[134,42],"tags":[80,143,800],"class_list":["post-5482","post","type-post","status-publish","format-standard","hentry","category-animaux","category-langage","tag-geneve","tag-jean-jacques-rousseau","tag-plainpalais"],"_links":{"self":[{"href":"https:\/\/jlggb.net\/blog3\/index.php?rest_route=\/wp\/v2\/posts\/5482","targetHints":{"allow":["GET"]}}],"collection":[{"href":"https:\/\/jlggb.net\/blog3\/index.php?rest_route=\/wp\/v2\/posts"}],"about":[{"href":"https:\/\/jlggb.net\/blog3\/index.php?rest_route=\/wp\/v2\/types\/post"}],"author":[{"embeddable":true,"href":"https:\/\/jlggb.net\/blog3\/index.php?rest_route=\/wp\/v2\/users\/2"}],"replies":[{"embeddable":true,"href":"https:\/\/jlggb.net\/blog3\/index.php?rest_route=%2Fwp%2Fv2%2Fcomments&post=5482"}],"version-history":[{"count":0,"href":"https:\/\/jlggb.net\/blog3\/index.php?rest_route=\/wp\/v2\/posts\/5482\/revisions"}],"wp:attachment":[{"href":"https:\/\/jlggb.net\/blog3\/index.php?rest_route=%2Fwp%2Fv2%2Fmedia&parent=5482"}],"wp:term":[{"taxonomy":"category","embeddable":true,"href":"https:\/\/jlggb.net\/blog3\/index.php?rest_route=%2Fwp%2Fv2%2Fcategories&post=5482"},{"taxonomy":"post_tag","embeddable":true,"href":"https:\/\/jlggb.net\/blog3\/index.php?rest_route=%2Fwp%2Fv2%2Ftags&post=5482"}],"curies":[{"name":"wp","href":"https:\/\/api.w.org\/{rel}","templated":true}]}}