{"id":5343,"date":"2013-03-03T12:30:16","date_gmt":"2013-03-03T11:30:16","guid":{"rendered":"http:\/\/jlggb.net\/blog3\/?p=5343"},"modified":"2020-08-20T22:12:38","modified_gmt":"2020-08-20T20:12:38","slug":"leve-du-parc-de-la-butte-du-chapeau-rouge","status":"publish","type":"post","link":"https:\/\/jlggb.net\/blog3\/?p=5343","title":{"rendered":"L&rsquo;\u00c8ve du Parc de la butte du Chapeau-Rouge"},"content":{"rendered":"<p><a href=\"https:\/\/jlggb.net\/blog3\/wp-content\/uploads\/2013\/03\/butte-chapeau-rouge.jpg\" data-rel=\"lightbox-image-0\" data-imagelightbox=\"0\" data-rl_title=\"\" data-rl_caption=\"\" title=\"\"><img loading=\"lazy\" decoding=\"async\" class=\"alignnone size-full wp-image-5344\" src=\"https:\/\/jlggb.net\/blog3\/wp-content\/uploads\/2013\/03\/butte-chapeau-rouge.jpg\" alt=\"butte-chapeau-rouge\" width=\"640\" height=\"480\" \/><\/a><br \/>\nDimanche 3 mars 2013, 12h30, Parc de la butte du Chapeau-Rouge, Paris 19e. La vision de cette statue a toujours \u00e9veill\u00e9 chez nous un soup\u00e7on. C&rsquo;est que, dans les ann\u00e9es 70, nous avions vu \u00e0 Stuttgart le parc Killesberg, ses constructions, ses terrasses, ses statues, en sachant qu&rsquo;il avait \u00e9t\u00e9 cr\u00e9\u00e9 (sur d&rsquo;anciennes carri\u00e8res, comme ici) \u00e0 la gloire de \u00ab de vie en plein air\u00a0\u00bb et de \u00ab\u00a0l&rsquo;agriculture national-socialiste \u00bb, au moment m\u00eame du d\u00e9clenchement de la guerre. D&rsquo;apr\u00e8s la documentation consult\u00e9e aujourd&rsquo;hui sur Internet, le principal architecte de ce parc \u00e9tait Hermann Mattern, qui s&rsquo;occupa aussi des paysages autoroutiers de l&rsquo;Allemagne nazie (plus tard il collabora avec le fondateur de la Documenta de Kassel, <a href=\"https:\/\/jlggb.net\/blog3\/?p=3417\" target=\"_blank\" rel=\"noopener\">Arnold Bode<\/a>), \u00e9tait \u00ab\u00a0politiquement rouge\u00a0\u00bb, alors que certaines des constructions du parc \u00e9taient inspir\u00e9es par Albert Speer. Le parc et l&rsquo;exposition firent pol\u00e9mique et il semble que cette pol\u00e9mique s&rsquo;est prolong\u00e9e depuis, \u00e0 la fois sur le plan historique et \u00e0 l&rsquo;occasion des transformations successives du Killesberg. Mais l&rsquo;\u00c8ve de Raymond Couv\u00e8gnes (1938) regarde r\u00e9solument \u00e0 gauche. L&rsquo;architecte du Parc de la butte du Chapeau-Rouge \u00e9tait L\u00e9on Az\u00e9ma, qui restaura les cascades du Parc de Sceaux et fut l&rsquo;un des auteurs du Palais de Chaillot de 1937. Ouvert lui aussi en 1939, le parc, ses fontaines, ses terrasses, ses constructions et abris en b\u00e9ton arm\u00e9 avec de tr\u00e8s longs bancs, ont des qualit\u00e9s d\u00e9mocratiques. Rien n&#8217;emp\u00eache cependant de trouver des parent\u00e9s entre l&rsquo;architecture nazie et celle du Front populaire et d&rsquo;y reconna\u00eetre le style d&rsquo;une \u00e9poque, li\u00e9 \u00e0 des techniques, \u00e0 des go\u00fbts, ou m\u00eame \u00e0 des id\u00e9es politiques (faire du \u00ab\u00a0social \u00bb par exemple). La butte du Chapeau-Rouge est en travaux (arrosage automatique et fontaines) et vient de recevoir une \u0153uvre li\u00e9e \u00e0 la <a href=\"https:\/\/jlggb.net\/blog3\/?p=4785\" target=\"_blank\" rel=\"noopener\">construction du tramway<\/a>&nbsp;: Bert Theis, artiste luxembourgeois install\u00e9 \u00e0 Milan, curateur et activiste, a install\u00e9 deux tr\u00e8s grands bancs de bois peints en blanc qui rem\u00e9morent le discours pacifiste prononc\u00e9 par Jean Jaur\u00e8s le 25 mai 1913, ici m\u00eame au Pr\u00e9 Saint-Gervais, sur cette butte qui \u00e9tait encore la zone (on voit l&rsquo;un d&rsquo;eux au fond de la photo et on va le revoir au Mamco de Gen\u00e8ve: <a href=\"https:\/\/jlggb.net\/blog3\/?p=5451\" target=\"_blank\" rel=\"noopener\">https:\/\/jlggb.net\/blog3\/?p=5451<\/a>).<br \/>\nSur les \u0153uvres du tramway T3&nbsp;: <a href=\"https:\/\/jlggb.net\/blog3\/?p=5125\" target=\"_blank\" rel=\"noopener\">https:\/\/jlggb.net\/blog3\/?p=5125<\/a><br \/>\n<span style=\"color: #ffffff;\">&#8211;<\/span><br \/>\n<a href=\"https:\/\/jlggb.net\/blog3\/wp-content\/uploads\/2013\/03\/Jean-Jaures-au-Pre-Saint-Gervais.jpg\" data-rel=\"lightbox-image-1\" data-imagelightbox=\"1\" data-rl_title=\"\" data-rl_caption=\"\" title=\"\"><img loading=\"lazy\" decoding=\"async\" class=\"alignnone size-full wp-image-5366\" src=\"https:\/\/jlggb.net\/blog3\/wp-content\/uploads\/2013\/03\/Jean-Jaures-au-Pre-Saint-Gervais.jpg\" alt=\"198-10\" width=\"640\" height=\"421\" \/><\/a><br \/>\n25 mai 1913, Pr\u00e9 Saint-Gervais, discours de Jean Jaur\u00e8s contre la loi de 3 ans de service militaire devant 150 000 personnes [clich\u00e9 Roger Viollet]<\/p>\n","protected":false},"excerpt":{"rendered":"<p>Dimanche 3 mars 2013, 12h30, Parc de la butte du Chapeau-Rouge, Paris 19e. La vision de cette statue a toujours \u00e9veill\u00e9 chez nous un soup\u00e7on. C&rsquo;est que, dans les ann\u00e9es 70, nous avions vu \u00e0 Stuttgart le parc Killesberg, ses constructions, ses terrasses, ses statues, en sachant qu&rsquo;il avait \u00e9t\u00e9 cr\u00e9\u00e9 (sur d&rsquo;anciennes carri\u00e8res, comme &hellip; <a href=\"https:\/\/jlggb.net\/blog3\/?p=5343\" class=\"more-link\">Continuer la lecture de <span class=\"screen-reader-text\">L&rsquo;\u00c8ve du Parc de la butte du Chapeau-Rouge<\/span><\/a><\/p>\n","protected":false},"author":2,"featured_media":0,"comment_status":"closed","ping_status":"closed","sticky":false,"template":"","format":"standard","meta":{"footnotes":""},"categories":[64,7,170,85],"tags":[617,619,618],"class_list":["post-5343","post","type-post","status-publish","format-standard","hentry","category-architecture","category-arts","category-histoire","category-ville","tag-bert-theis","tag-leon-azema","tag-raymond-couvegnes"],"_links":{"self":[{"href":"https:\/\/jlggb.net\/blog3\/index.php?rest_route=\/wp\/v2\/posts\/5343","targetHints":{"allow":["GET"]}}],"collection":[{"href":"https:\/\/jlggb.net\/blog3\/index.php?rest_route=\/wp\/v2\/posts"}],"about":[{"href":"https:\/\/jlggb.net\/blog3\/index.php?rest_route=\/wp\/v2\/types\/post"}],"author":[{"embeddable":true,"href":"https:\/\/jlggb.net\/blog3\/index.php?rest_route=\/wp\/v2\/users\/2"}],"replies":[{"embeddable":true,"href":"https:\/\/jlggb.net\/blog3\/index.php?rest_route=%2Fwp%2Fv2%2Fcomments&post=5343"}],"version-history":[{"count":0,"href":"https:\/\/jlggb.net\/blog3\/index.php?rest_route=\/wp\/v2\/posts\/5343\/revisions"}],"wp:attachment":[{"href":"https:\/\/jlggb.net\/blog3\/index.php?rest_route=%2Fwp%2Fv2%2Fmedia&parent=5343"}],"wp:term":[{"taxonomy":"category","embeddable":true,"href":"https:\/\/jlggb.net\/blog3\/index.php?rest_route=%2Fwp%2Fv2%2Fcategories&post=5343"},{"taxonomy":"post_tag","embeddable":true,"href":"https:\/\/jlggb.net\/blog3\/index.php?rest_route=%2Fwp%2Fv2%2Ftags&post=5343"}],"curies":[{"name":"wp","href":"https:\/\/api.w.org\/{rel}","templated":true}]}}