{"id":5161,"date":"2013-02-15T23:59:22","date_gmt":"2013-02-15T22:59:22","guid":{"rendered":"http:\/\/jlggb.net\/blog3\/?p=5161"},"modified":"2013-02-16T10:46:37","modified_gmt":"2013-02-16T09:46:37","slug":"malraux-s-shoes","status":"publish","type":"post","link":"https:\/\/jlggb.net\/blog3\/?p=5161","title":{"rendered":"Malraux s&rsquo; Shoes"},"content":{"rendered":"<p><a href=\"https:\/\/jlggb.net\/blog3\/wp-content\/uploads\/2013\/02\/adams-malraux.jpg\" data-rel=\"lightbox-image-0\" data-imagelightbox=\"0\" data-rl_title=\"\" data-rl_caption=\"\" title=\"\"><img loading=\"lazy\" decoding=\"async\" class=\"alignnone size-full wp-image-5162\" alt=\"adams-malraux\" src=\"https:\/\/jlggb.net\/blog3\/wp-content\/uploads\/2013\/02\/adams-malraux.jpg\" width=\"640\" height=\"480\" srcset=\"https:\/\/jlggb.net\/blog3\/wp-content\/uploads\/2013\/02\/adams-malraux.jpg 1600w, https:\/\/jlggb.net\/blog3\/wp-content\/uploads\/2013\/02\/adams-malraux-300x225.jpg 300w, https:\/\/jlggb.net\/blog3\/wp-content\/uploads\/2013\/02\/adams-malraux-1024x768.jpg 1024w, https:\/\/jlggb.net\/blog3\/wp-content\/uploads\/2013\/02\/adams-malraux-150x112.jpg 150w\" sizes=\"auto, (max-width: 640px) 100vw, 640px\" \/><\/a><br \/>\nVendredi 15 f\u00e9vrier 2013, 17h. Galerie Gabrielle Maubrie, rue Sainte Croix de la Bretonnerie, Paris, 4e. Un tr\u00e8s beau film d&rsquo;exposition de Dennis Adams&nbsp;: <em>Malraux s&rsquo; Shoes<\/em> (vid\u00e9o, 42 mn), inspir\u00e9 de la photographie o\u00f9 l&rsquo;on voit Andr\u00e9 Malraux, chez lui \u00e0 Boulogne-sur-Seine, en 1953, alors qu&rsquo;il pr\u00e9pare le second tome du <em>Mus\u00e9e imaginaire<\/em> (<em>Le Mus\u00e9e imaginaire de la sculpture mondiale<\/em>). Apr\u00e8s avoir \u00e9t\u00e9 le mod\u00e8le d&rsquo;un mus\u00e9e sans murs fond\u00e9 sur la reproduction photographique, c&rsquo;est devenu la r\u00e9f\u00e9rence pr\u00e9monitoire de la virtualisation des collections. L&rsquo;artiste joue un Malraux, marchant sur ses photos, fumant, buvant un whisky. Il a de violents \u00e9clats de voix d\u00e9lirants. Mais le monologue int\u00e9rieur incessant m\u00eale la vie de Malraux (y compris le passage au Cambodge, voir, sur ce blog&nbsp;: <a href=\"https:\/\/jlggb.net\/blog3\/?p=4938\" target=\"_blank\">\u00ab\u00a0Banteay Srei\u00a0\u00bb, 6 janvier 2013<\/a>) \u00e0 des r\u00e9miniscences \u00e9nigmatiques propres \u00e0 l&rsquo;artiste lui-m\u00eame. Il est fait ainsi \u00e9cho \u00e0 l&rsquo;<em>Atlas Mn\u00e9mosyne<\/em> d&rsquo;Aby Warburg, \u00e0 l&rsquo;<em>Atlas<\/em> de Gerhard Richter (voir, sur ce blog&nbsp;: <a href=\"https:\/\/jlggb.net\/blog3\/?p=3321\" target=\"_blank\">\u00ab\u00a0Atlas de Gerhard Richter\u00a0\u00bb, 12 ao\u00fbt 2012<\/a>). Pour moi, la sc\u00e8ne est depuis toujours li\u00e9e \u00e0 l&rsquo;image du film d&rsquo;Alain Resnais, <em>La Guerre est finie<\/em> (sc\u00e9nario de Jorge Sempr\u00fan, 1966), o\u00f9 l&rsquo;on voit Yves Montand dans le salon o\u00f9 Ingrid Thulin pr\u00e9pare l&rsquo;iconographie d&rsquo;un livre sur les villes du monde. On peut rappeler qu&rsquo;Alain Resnais a travaill\u00e9 \u00e0 ce film avec Florence Malraux, fille d&rsquo;Andr\u00e9 Malraux, qu&rsquo;il a \u00e9pous\u00e9e en 1969.<\/p>\n<blockquote><p><a href=\"https:\/\/jlggb.net\/blog3\/wp-content\/uploads\/2013\/02\/malraux-1953-640.jpg\" data-rel=\"lightbox-image-1\" data-imagelightbox=\"1\" data-rl_title=\"\" data-rl_caption=\"\" title=\"\"><img loading=\"lazy\" decoding=\"async\" class=\"alignnone size-full wp-image-5163\" alt=\"malraux-1953-640\" src=\"https:\/\/jlggb.net\/blog3\/wp-content\/uploads\/2013\/02\/malraux-1953-640.jpg\" width=\"320\" height=\"334\" srcset=\"https:\/\/jlggb.net\/blog3\/wp-content\/uploads\/2013\/02\/malraux-1953-640.jpg 640w, https:\/\/jlggb.net\/blog3\/wp-content\/uploads\/2013\/02\/malraux-1953-640-286x300.jpg 286w, https:\/\/jlggb.net\/blog3\/wp-content\/uploads\/2013\/02\/malraux-1953-640-143x150.jpg 143w\" sizes=\"auto, (max-width: 320px) 100vw, 320px\" \/><\/a><br \/>\nAndr\u00e9 Malraux, 1953. Photo Maurice Jarnoux, <em>Paris-Match<\/em>.<\/p>\n<p><a href=\"https:\/\/jlggb.net\/blog3\/wp-content\/uploads\/2013\/02\/la-guerre-est-finie-640.jpg\" data-rel=\"lightbox-image-2\" data-imagelightbox=\"2\" data-rl_title=\"\" data-rl_caption=\"\" title=\"\"><img loading=\"lazy\" decoding=\"async\" class=\"alignnone size-full wp-image-5164\" alt=\"la-guerre-est-finie-640\" src=\"https:\/\/jlggb.net\/blog3\/wp-content\/uploads\/2013\/02\/la-guerre-est-finie-640.jpg\" width=\"320\" height=\"192\" srcset=\"https:\/\/jlggb.net\/blog3\/wp-content\/uploads\/2013\/02\/la-guerre-est-finie-640.jpg 640w, https:\/\/jlggb.net\/blog3\/wp-content\/uploads\/2013\/02\/la-guerre-est-finie-640-300x180.jpg 300w, https:\/\/jlggb.net\/blog3\/wp-content\/uploads\/2013\/02\/la-guerre-est-finie-640-150x90.jpg 150w\" sizes=\"auto, (max-width: 320px) 100vw, 320px\" \/><\/a><br \/>\nAlain Resnais, <em>La Guerre est finie<\/em>, 1966.<\/p>\n<p><a href=\"https:\/\/jlggb.net\/blog3\/wp-content\/uploads\/2013\/02\/warburg-mnemosyne-640.jpg\" data-rel=\"lightbox-image-3\" data-imagelightbox=\"3\" data-rl_title=\"\" data-rl_caption=\"\" title=\"\"><img loading=\"lazy\" decoding=\"async\" class=\"alignnone size-full wp-image-5169\" alt=\"warburg-mnemosyne-640\" src=\"https:\/\/jlggb.net\/blog3\/wp-content\/uploads\/2013\/02\/warburg-mnemosyne-640.jpg\" width=\"320\" height=\"416\" srcset=\"https:\/\/jlggb.net\/blog3\/wp-content\/uploads\/2013\/02\/warburg-mnemosyne-640.jpg 640w, https:\/\/jlggb.net\/blog3\/wp-content\/uploads\/2013\/02\/warburg-mnemosyne-640-230x300.jpg 230w, https:\/\/jlggb.net\/blog3\/wp-content\/uploads\/2013\/02\/warburg-mnemosyne-640-115x150.jpg 115w\" sizes=\"auto, (max-width: 320px) 100vw, 320px\" \/><\/a><br \/>\nAby Warburg, <em>Atlas Mn\u00e9mosyne<\/em>, 1927-1929, d\u00e9tail.<br \/>\nR\u00e9f\u00e9rences&nbsp;: Georges Didi-Huberman, <em>Atlas ou le gai savoir inquiet &#8211; L&rsquo;\u0153il de l&rsquo;Histoire, 3<\/em>, Minuit, Paris, 2011. Georges Didi-Huberman, \u00ab\u00a0\u00c9chantillonner le chaos. Aby Warburg et l\u2019atlas photographique de la Grande Guerre\u00a0\u00bb&nbsp;: <a href=\"http:\/\/etudesphotographiques.revues.org\/index3173.html\" target=\"_blank\">http:\/\/etudesphotographiques.revues.org\/index3173.html<\/a> Aby Warburg, <em>L&rsquo;Atlas Mn\u00e9mosyne<\/em>, \u00e9dition par l&rsquo;Atelier l&rsquo;\u00e9carquill\u00e9, 2012&nbsp;: <a href=\"http:\/\/www.baldingervuhuu.com\/index.php?\/aby-warburg\/ecrits-ii---atlas-mnemosyne\/\" target=\"_blank\">http:\/\/www.baldingervuhuu.com\/index.php?\/aby-warburg\/ecrits-ii&#8212;atlas-mnemosyne\/<\/a><\/p><\/blockquote>\n","protected":false},"excerpt":{"rendered":"<p>Vendredi 15 f\u00e9vrier 2013, 17h. Galerie Gabrielle Maubrie, rue Sainte Croix de la Bretonnerie, Paris, 4e. Un tr\u00e8s beau film d&rsquo;exposition de Dennis Adams&nbsp;: Malraux s&rsquo; Shoes (vid\u00e9o, 42 mn), inspir\u00e9 de la photographie o\u00f9 l&rsquo;on voit Andr\u00e9 Malraux, chez lui \u00e0 Boulogne-sur-Seine, en 1953, alors qu&rsquo;il pr\u00e9pare le second tome du Mus\u00e9e imaginaire (Le &hellip; <a href=\"https:\/\/jlggb.net\/blog3\/?p=5161\" class=\"more-link\">Continuer la lecture de <span class=\"screen-reader-text\">Malraux s&rsquo; Shoes<\/span><\/a><\/p>\n","protected":false},"author":2,"featured_media":0,"comment_status":"closed","ping_status":"closed","sticky":false,"template":"","format":"standard","meta":{"footnotes":""},"categories":[23,16],"tags":[604,603],"class_list":["post-5161","post","type-post","status-publish","format-standard","hentry","category-films","category-livres","tag-andre-malraux","tag-dennis-adams"],"_links":{"self":[{"href":"https:\/\/jlggb.net\/blog3\/index.php?rest_route=\/wp\/v2\/posts\/5161","targetHints":{"allow":["GET"]}}],"collection":[{"href":"https:\/\/jlggb.net\/blog3\/index.php?rest_route=\/wp\/v2\/posts"}],"about":[{"href":"https:\/\/jlggb.net\/blog3\/index.php?rest_route=\/wp\/v2\/types\/post"}],"author":[{"embeddable":true,"href":"https:\/\/jlggb.net\/blog3\/index.php?rest_route=\/wp\/v2\/users\/2"}],"replies":[{"embeddable":true,"href":"https:\/\/jlggb.net\/blog3\/index.php?rest_route=%2Fwp%2Fv2%2Fcomments&post=5161"}],"version-history":[{"count":0,"href":"https:\/\/jlggb.net\/blog3\/index.php?rest_route=\/wp\/v2\/posts\/5161\/revisions"}],"wp:attachment":[{"href":"https:\/\/jlggb.net\/blog3\/index.php?rest_route=%2Fwp%2Fv2%2Fmedia&parent=5161"}],"wp:term":[{"taxonomy":"category","embeddable":true,"href":"https:\/\/jlggb.net\/blog3\/index.php?rest_route=%2Fwp%2Fv2%2Fcategories&post=5161"},{"taxonomy":"post_tag","embeddable":true,"href":"https:\/\/jlggb.net\/blog3\/index.php?rest_route=%2Fwp%2Fv2%2Ftags&post=5161"}],"curies":[{"name":"wp","href":"https:\/\/api.w.org\/{rel}","templated":true}]}}