{"id":5152,"date":"2013-02-13T13:30:32","date_gmt":"2013-02-13T12:30:32","guid":{"rendered":"http:\/\/jlggb.net\/blog3\/?p=5152"},"modified":"2013-02-16T13:20:09","modified_gmt":"2013-02-16T12:20:09","slug":"jeune-platane-au-jardin-des-plantes","status":"publish","type":"post","link":"https:\/\/jlggb.net\/blog3\/?p=5152","title":{"rendered":"Jeune platane au Jardin des plantes"},"content":{"rendered":"<p><a href=\"https:\/\/jlggb.net\/blog3\/wp-content\/uploads\/2013\/02\/ciel-jardin.jpg\" data-rel=\"lightbox-image-0\" data-imagelightbox=\"0\" data-rl_title=\"\" data-rl_caption=\"\" title=\"\"><img loading=\"lazy\" decoding=\"async\" src=\"https:\/\/jlggb.net\/blog3\/wp-content\/uploads\/2013\/02\/ciel-jardin.jpg\" alt=\"ciel-jardin\" width=\"640\" height=\"480\" class=\"alignnone size-full wp-image-5154\" srcset=\"https:\/\/jlggb.net\/blog3\/wp-content\/uploads\/2013\/02\/ciel-jardin.jpg 1600w, https:\/\/jlggb.net\/blog3\/wp-content\/uploads\/2013\/02\/ciel-jardin-300x225.jpg 300w, https:\/\/jlggb.net\/blog3\/wp-content\/uploads\/2013\/02\/ciel-jardin-1024x768.jpg 1024w, https:\/\/jlggb.net\/blog3\/wp-content\/uploads\/2013\/02\/ciel-jardin-150x112.jpg 150w\" sizes=\"auto, (max-width: 640px) 100vw, 640px\" \/><\/a><br \/>\n<a href=\"https:\/\/jlggb.net\/blog3\/wp-content\/uploads\/2013\/02\/jeune-platane.jpg\" data-rel=\"lightbox-image-1\" data-imagelightbox=\"1\" data-rl_title=\"\" data-rl_caption=\"\" title=\"\"><img loading=\"lazy\" decoding=\"async\" src=\"https:\/\/jlggb.net\/blog3\/wp-content\/uploads\/2013\/02\/jeune-platane.jpg\" alt=\"jeune-platane\" width=\"640\" height=\"480\" class=\"alignnone size-full wp-image-5153\" srcset=\"https:\/\/jlggb.net\/blog3\/wp-content\/uploads\/2013\/02\/jeune-platane.jpg 1600w, https:\/\/jlggb.net\/blog3\/wp-content\/uploads\/2013\/02\/jeune-platane-300x225.jpg 300w, https:\/\/jlggb.net\/blog3\/wp-content\/uploads\/2013\/02\/jeune-platane-1024x768.jpg 1024w, https:\/\/jlggb.net\/blog3\/wp-content\/uploads\/2013\/02\/jeune-platane-150x112.jpg 150w\" sizes=\"auto, (max-width: 640px) 100vw, 640px\" \/><\/a><br \/>\nMercredi 13 f\u00e9vrier 2013, 13h30. \u00c0 l&rsquo;extr\u00e9mit\u00e9 sud-ouest du Jardin des plantes, les platanes de l&rsquo;all\u00e9e historique sont renouvel\u00e9s.<\/p>\n","protected":false},"excerpt":{"rendered":"<p>Mercredi 13 f\u00e9vrier 2013, 13h30. \u00c0 l&rsquo;extr\u00e9mit\u00e9 sud-ouest du Jardin des plantes, les platanes de l&rsquo;all\u00e9e historique sont renouvel\u00e9s.<\/p>\n","protected":false},"author":2,"featured_media":0,"comment_status":"closed","ping_status":"closed","sticky":false,"template":"","format":"standard","meta":{"footnotes":""},"categories":[605,115],"tags":[153],"class_list":["post-5152","post","type-post","status-publish","format-standard","hentry","category-ciels","category-plantes-2","tag-jardin-des-plantes"],"_links":{"self":[{"href":"https:\/\/jlggb.net\/blog3\/index.php?rest_route=\/wp\/v2\/posts\/5152","targetHints":{"allow":["GET"]}}],"collection":[{"href":"https:\/\/jlggb.net\/blog3\/index.php?rest_route=\/wp\/v2\/posts"}],"about":[{"href":"https:\/\/jlggb.net\/blog3\/index.php?rest_route=\/wp\/v2\/types\/post"}],"author":[{"embeddable":true,"href":"https:\/\/jlggb.net\/blog3\/index.php?rest_route=\/wp\/v2\/users\/2"}],"replies":[{"embeddable":true,"href":"https:\/\/jlggb.net\/blog3\/index.php?rest_route=%2Fwp%2Fv2%2Fcomments&post=5152"}],"version-history":[{"count":0,"href":"https:\/\/jlggb.net\/blog3\/index.php?rest_route=\/wp\/v2\/posts\/5152\/revisions"}],"wp:attachment":[{"href":"https:\/\/jlggb.net\/blog3\/index.php?rest_route=%2Fwp%2Fv2%2Fmedia&parent=5152"}],"wp:term":[{"taxonomy":"category","embeddable":true,"href":"https:\/\/jlggb.net\/blog3\/index.php?rest_route=%2Fwp%2Fv2%2Fcategories&post=5152"},{"taxonomy":"post_tag","embeddable":true,"href":"https:\/\/jlggb.net\/blog3\/index.php?rest_route=%2Fwp%2Fv2%2Ftags&post=5152"}],"curies":[{"name":"wp","href":"https:\/\/api.w.org\/{rel}","templated":true}]}}