{"id":4725,"date":"2012-12-11T11:00:49","date_gmt":"2012-12-11T10:00:49","guid":{"rendered":"http:\/\/jlggb.net\/blog3\/?p=4725"},"modified":"2020-08-20T22:41:44","modified_gmt":"2020-08-20T20:41:44","slug":"visite-privee","status":"publish","type":"post","link":"https:\/\/jlggb.net\/blog3\/?p=4725","title":{"rendered":"Visite priv\u00e9e"},"content":{"rendered":"<p><a href=\"https:\/\/jlggb.net\/blog3\/wp-content\/uploads\/2012\/12\/saint-riquier-bibliotheque.jpg\" data-rel=\"lightbox-image-0\" data-imagelightbox=\"0\" data-rl_title=\"\" data-rl_caption=\"\"><img loading=\"lazy\" decoding=\"async\" class=\"alignnone size-full wp-image-4727\" title=\"\" src=\"https:\/\/jlggb.net\/blog3\/wp-content\/uploads\/2012\/12\/saint-riquier-bibliotheque.jpg\" alt=\"\" width=\"640\" height=\"480\" srcset=\"https:\/\/jlggb.net\/blog3\/wp-content\/uploads\/2012\/12\/saint-riquier-bibliotheque.jpg 1600w, https:\/\/jlggb.net\/blog3\/wp-content\/uploads\/2012\/12\/saint-riquier-bibliotheque-300x225.jpg 300w, https:\/\/jlggb.net\/blog3\/wp-content\/uploads\/2012\/12\/saint-riquier-bibliotheque-1024x768.jpg 1024w, https:\/\/jlggb.net\/blog3\/wp-content\/uploads\/2012\/12\/saint-riquier-bibliotheque-150x112.jpg 150w\" sizes=\"auto, (max-width: 640px) 100vw, 640px\" \/><\/a><br \/>\n<a href=\"https:\/\/jlggb.net\/blog3\/wp-content\/uploads\/2012\/12\/saint-riquier-escalier.jpg\" data-rel=\"lightbox-image-1\" data-imagelightbox=\"1\" data-rl_title=\"\" data-rl_caption=\"\"><img loading=\"lazy\" decoding=\"async\" class=\"alignnone size-full wp-image-4726\" title=\"\" src=\"https:\/\/jlggb.net\/blog3\/wp-content\/uploads\/2012\/12\/saint-riquier-escalier.jpg\" alt=\"\" width=\"640\" height=\"480\" srcset=\"https:\/\/jlggb.net\/blog3\/wp-content\/uploads\/2012\/12\/saint-riquier-escalier.jpg 1600w, https:\/\/jlggb.net\/blog3\/wp-content\/uploads\/2012\/12\/saint-riquier-escalier-300x225.jpg 300w, https:\/\/jlggb.net\/blog3\/wp-content\/uploads\/2012\/12\/saint-riquier-escalier-1024x768.jpg 1024w, https:\/\/jlggb.net\/blog3\/wp-content\/uploads\/2012\/12\/saint-riquier-escalier-150x112.jpg 150w\" sizes=\"auto, (max-width: 640px) 100vw, 640px\" \/><\/a><br \/>\nMardi 11 d\u00e9cembre 2012, 11h, Abbaye de Saint-Riquier, Somme. Un escalier et la biblioth\u00e8que du monast\u00e8re, auxquels le public n&rsquo;a pas acc\u00e8s.<\/p>\n","protected":false},"excerpt":{"rendered":"<p>Mardi 11 d\u00e9cembre 2012, 11h, Abbaye de Saint-Riquier, Somme. Un escalier et la biblioth\u00e8que du monast\u00e8re, auxquels le public n&rsquo;a pas acc\u00e8s.<\/p>\n","protected":false},"author":2,"featured_media":0,"comment_status":"closed","ping_status":"closed","sticky":false,"template":"","format":"standard","meta":{"footnotes":""},"categories":[64,35],"tags":[526],"class_list":["post-4725","post","type-post","status-publish","format-standard","hentry","category-architecture","category-escaliers","tag-abbaye-de-saint-riquier"],"_links":{"self":[{"href":"https:\/\/jlggb.net\/blog3\/index.php?rest_route=\/wp\/v2\/posts\/4725","targetHints":{"allow":["GET"]}}],"collection":[{"href":"https:\/\/jlggb.net\/blog3\/index.php?rest_route=\/wp\/v2\/posts"}],"about":[{"href":"https:\/\/jlggb.net\/blog3\/index.php?rest_route=\/wp\/v2\/types\/post"}],"author":[{"embeddable":true,"href":"https:\/\/jlggb.net\/blog3\/index.php?rest_route=\/wp\/v2\/users\/2"}],"replies":[{"embeddable":true,"href":"https:\/\/jlggb.net\/blog3\/index.php?rest_route=%2Fwp%2Fv2%2Fcomments&post=4725"}],"version-history":[{"count":0,"href":"https:\/\/jlggb.net\/blog3\/index.php?rest_route=\/wp\/v2\/posts\/4725\/revisions"}],"wp:attachment":[{"href":"https:\/\/jlggb.net\/blog3\/index.php?rest_route=%2Fwp%2Fv2%2Fmedia&parent=4725"}],"wp:term":[{"taxonomy":"category","embeddable":true,"href":"https:\/\/jlggb.net\/blog3\/index.php?rest_route=%2Fwp%2Fv2%2Fcategories&post=4725"},{"taxonomy":"post_tag","embeddable":true,"href":"https:\/\/jlggb.net\/blog3\/index.php?rest_route=%2Fwp%2Fv2%2Ftags&post=4725"}],"curies":[{"name":"wp","href":"https:\/\/api.w.org\/{rel}","templated":true}]}}