{"id":4642,"date":"2012-12-04T19:30:13","date_gmt":"2012-12-04T18:30:13","guid":{"rendered":"http:\/\/jlggb.net\/blog3\/?p=4642"},"modified":"2020-08-20T22:43:04","modified_gmt":"2020-08-20T20:43:04","slug":"la-querelle-des-dispositifs","status":"publish","type":"post","link":"https:\/\/jlggb.net\/blog3\/?p=4642","title":{"rendered":"La querelle des dispositifs"},"content":{"rendered":"<p><a href=\"https:\/\/jlggb.net\/blog3\/wp-content\/uploads\/2012\/12\/bellour-querelle.jpg\" data-rel=\"lightbox-image-0\" data-imagelightbox=\"0\" data-rl_title=\"\" data-rl_caption=\"\"><img loading=\"lazy\" decoding=\"async\" class=\"alignnone size-full wp-image-4643\" title=\"\" src=\"https:\/\/jlggb.net\/blog3\/wp-content\/uploads\/2012\/12\/bellour-querelle.jpg\" alt=\"\" width=\"640\" height=\"480\" srcset=\"https:\/\/jlggb.net\/blog3\/wp-content\/uploads\/2012\/12\/bellour-querelle.jpg 1600w, https:\/\/jlggb.net\/blog3\/wp-content\/uploads\/2012\/12\/bellour-querelle-300x225.jpg 300w, https:\/\/jlggb.net\/blog3\/wp-content\/uploads\/2012\/12\/bellour-querelle-1024x768.jpg 1024w, https:\/\/jlggb.net\/blog3\/wp-content\/uploads\/2012\/12\/bellour-querelle-150x112.jpg 150w\" sizes=\"auto, (max-width: 640px) 100vw, 640px\" \/><\/a><br \/>\nMardi 4 d\u00e9cembre 2012, 19h30, 8 rue Saint-Bon, Paris 4e. Pr\u00e9sentation du nouveau livre de Raymond Bellour, <a href=\"http:\/\/www.pol-editeur.com\/index.php?spec=livre&amp;ISBN=978-2-8180-1701-2\" target=\"_blank\" rel=\"noopener\"><em>La querelle des dispositifs. Cin\u00e9ma \u2013 installations, expositions<\/em>, P.O.L, 576 pages, 37,50 \u20ac<\/a>. Raymond Bellour rassemble des essais \u00e9crits entre 1999 et 2012 en les pla\u00e7ant sous l&rsquo;enseigne de la distinction entre les exp\u00e9riences que repr\u00e9sentent, pour le spectateur, le cin\u00e9ma d&rsquo;une part (la projection dans une salle, la s\u00e9ance collective d&rsquo;une dur\u00e9e d\u00e9termin\u00e9e), et d&rsquo;autre part les images en mouvement qui appartiennent \u00e0 l&rsquo;art contemporain.<\/p>\n<blockquote><p>\u00ab Les essais rassembl\u00e9s dans ce livre \u00e9voquent parmi d\u2019autres les artistes et cin\u00e9astes Eija-Liisa Ahtila, Chantal Akerman, Zoe Beloff, James Benning, Dara Birnbaum, Jean-Louis Boissier, Janet Cardiff et George Bures Miler, Hans Castorf, David Claerbout, James Coleman, Pedro Costa, Harun Farocki, Masaki Fujihata, Yervant Gianikian et Angela Ricci Lucchi, Douglas Gordon, Pierre-Marie Goulet, Philippe Grandrieux, Gary Hill, Alfredo Jaar, Ken Jacobs, Rinko Kawauchi, Thierry Kuntzel, Fritz Lang, Chris Marker, Cildo Meireles, Jonas Mekas, Avi Mograbi, Antoni Muntadas, Max Ophuls, Tony Oursler, Pipilotti Rist, Doug Aitken, Tania Ruiz Guti\u00e9rrez, Sarkis, Shelly Silver, Robert Smithson, Michael Snow, Beat Streuli, Sam Taylor-Wood, Eulalia Valldosera, Danielle Vallet Kleiner, Agn\u00e8s Varda, Bill Viola, Jeff Wall, Apichatpong Weerasethakul. \u00bb<\/p><\/blockquote>\n","protected":false},"excerpt":{"rendered":"<p>Mardi 4 d\u00e9cembre 2012, 19h30, 8 rue Saint-Bon, Paris 4e. Pr\u00e9sentation du nouveau livre de Raymond Bellour, La querelle des dispositifs. Cin\u00e9ma \u2013 installations, expositions, P.O.L, 576 pages, 37,50 \u20ac. Raymond Bellour rassemble des essais \u00e9crits entre 1999 et 2012 en les pla\u00e7ant sous l&rsquo;enseigne de la distinction entre les exp\u00e9riences que repr\u00e9sentent, pour le &hellip; <a href=\"https:\/\/jlggb.net\/blog3\/?p=4642\" class=\"more-link\">Continuer la lecture de <span class=\"screen-reader-text\">La querelle des dispositifs<\/span><\/a><\/p>\n","protected":false},"author":2,"featured_media":0,"comment_status":"closed","ping_status":"closed","sticky":false,"template":"","format":"standard","meta":{"footnotes":""},"categories":[16],"tags":[],"class_list":["post-4642","post","type-post","status-publish","format-standard","hentry","category-livres"],"_links":{"self":[{"href":"https:\/\/jlggb.net\/blog3\/index.php?rest_route=\/wp\/v2\/posts\/4642","targetHints":{"allow":["GET"]}}],"collection":[{"href":"https:\/\/jlggb.net\/blog3\/index.php?rest_route=\/wp\/v2\/posts"}],"about":[{"href":"https:\/\/jlggb.net\/blog3\/index.php?rest_route=\/wp\/v2\/types\/post"}],"author":[{"embeddable":true,"href":"https:\/\/jlggb.net\/blog3\/index.php?rest_route=\/wp\/v2\/users\/2"}],"replies":[{"embeddable":true,"href":"https:\/\/jlggb.net\/blog3\/index.php?rest_route=%2Fwp%2Fv2%2Fcomments&post=4642"}],"version-history":[{"count":0,"href":"https:\/\/jlggb.net\/blog3\/index.php?rest_route=\/wp\/v2\/posts\/4642\/revisions"}],"wp:attachment":[{"href":"https:\/\/jlggb.net\/blog3\/index.php?rest_route=%2Fwp%2Fv2%2Fmedia&parent=4642"}],"wp:term":[{"taxonomy":"category","embeddable":true,"href":"https:\/\/jlggb.net\/blog3\/index.php?rest_route=%2Fwp%2Fv2%2Fcategories&post=4642"},{"taxonomy":"post_tag","embeddable":true,"href":"https:\/\/jlggb.net\/blog3\/index.php?rest_route=%2Fwp%2Fv2%2Ftags&post=4642"}],"curies":[{"name":"wp","href":"https:\/\/api.w.org\/{rel}","templated":true}]}}