{"id":457,"date":"2011-12-25T16:44:15","date_gmt":"2011-12-25T15:44:15","guid":{"rendered":"http:\/\/jlggb.net\/blog3\/?p=457"},"modified":"2025-11-16T22:45:23","modified_gmt":"2025-11-16T21:45:23","slug":"retour-sur-la-lampe-tolomeo","status":"publish","type":"post","link":"https:\/\/jlggb.net\/blog3\/?p=457","title":{"rendered":"Dossier : Retour sur la lampe Tolomeo"},"content":{"rendered":"<p><img loading=\"lazy\" decoding=\"async\" class=\"alignnone  wp-image-472\" title=\"tolomeo-components\" src=\"https:\/\/jlggb.net\/blog3\/wp-content\/uploads\/2011\/12\/tolomeo-components.jpg\" alt=\"\" width=\"512\" height=\"384\" srcset=\"https:\/\/jlggb.net\/blog3\/wp-content\/uploads\/2011\/12\/tolomeo-components.jpg 640w, https:\/\/jlggb.net\/blog3\/wp-content\/uploads\/2011\/12\/tolomeo-components-300x225.jpg 300w, https:\/\/jlggb.net\/blog3\/wp-content\/uploads\/2011\/12\/tolomeo-components-150x112.jpg 150w\" sizes=\"auto, (max-width: 512px) 100vw, 512px\" \/><br \/>\nLes pi\u00e8ces constitutives de la lampe Tolomeo Micro (Artemide).<\/p>\n<p><iframe loading=\"lazy\" src=\"http:\/\/player.vimeo.com\/video\/33165062?color=ffffff\" frameborder=\"0\" width=\"512\" height=\"290\"><\/iframe><br \/>\nJean-Louis Pradel a re\u00e7u <a href=\"http:\/\/www.produzioneprivata.it\/en\/index.asp\" target=\"_blank\">Michele De Lucchi<\/a> (designer milanais) le 24 novembre 2011, dans le cadre de ses <a href=\"http:\/\/atelier-rencontre.ensad.fr\/\" target=\"_blank\">Ateliers de rencontre<\/a> de l&rsquo;Ensad. Il y est question des lampes Tolomeo et de leur succ\u00e8s.<\/p>\n<p>Voici une r\u00e9trospective des apparitions de la lampe Tolomeo dans jlggbblog&nbsp;:<\/p>\n<p><a href=\"https:\/\/jlggb.net\/blog3\/wp-content\/uploads\/2011\/12\/tolomeomatissesuisse.jpg\" data-rel=\"lightbox-image-0\" data-imagelightbox=\"0\" data-rl_title=\"\" data-rl_caption=\"\"><img loading=\"lazy\" decoding=\"async\" class=\"alignnone  wp-image-468\" title=\"\" src=\"https:\/\/jlggb.net\/blog3\/wp-content\/uploads\/2011\/12\/tolomeomatissesuisse.jpg\" alt=\"\" width=\"512\" height=\"386\" srcset=\"https:\/\/jlggb.net\/blog3\/wp-content\/uploads\/2011\/12\/tolomeomatissesuisse-300x225.jpg 300w, https:\/\/jlggb.net\/blog3\/wp-content\/uploads\/2011\/12\/tolomeomatissesuisse-150x112.jpg 150w\" sizes=\"auto, (max-width: 512px) 100vw, 512px\" \/><\/a><br \/>\n\u00ab Composition color\u00e9e \u00bb, 27 novembre 2008, <a href=\"http:\/\/jlggb.net\/blog\/?p=836\" target=\"_blank\">http:\/\/jlggb.net\/blog\/?p=836<\/a><\/p>\n<p><a href=\"https:\/\/jlggb.net\/blog3\/wp-content\/uploads\/2011\/12\/bureau-bouteille1.jpg\" data-rel=\"lightbox-image-1\" data-imagelightbox=\"1\" data-rl_title=\"\" data-rl_caption=\"\"><img loading=\"lazy\" decoding=\"async\" class=\"alignnone size-full wp-image-471\" title=\"\" src=\"https:\/\/jlggb.net\/blog3\/wp-content\/uploads\/2011\/12\/bureau-bouteille1.jpg\" alt=\"\" width=\"512\" height=\"386\" srcset=\"https:\/\/jlggb.net\/blog3\/wp-content\/uploads\/2011\/12\/bureau-bouteille1-300x225.jpg 300w, https:\/\/jlggb.net\/blog3\/wp-content\/uploads\/2011\/12\/bureau-bouteille1-150x112.jpg 150w\" sizes=\"auto, (max-width: 512px) 100vw, 512px\" \/><\/a><br \/>\n\u00ab Ambiance de travail, bis \u00bb, 15 juin 2009, <a href=\"http:\/\/jlggb.net\/blog\/?p=3855\" target=\"_blank\">http:\/\/jlggb.net\/blog\/?p=3855<\/a><\/p>\n<p><a href=\"https:\/\/jlggb.net\/blog3\/wp-content\/uploads\/2011\/12\/tolomeo-luxo.jpg\" data-rel=\"lightbox-image-2\" data-imagelightbox=\"2\" data-rl_title=\"\" data-rl_caption=\"\"><img loading=\"lazy\" decoding=\"async\" class=\"alignnone size-full wp-image-469\" title=\"\" src=\"https:\/\/jlggb.net\/blog3\/wp-content\/uploads\/2011\/12\/tolomeo-luxo.jpg\" alt=\"\" width=\"512\" height=\"386\" srcset=\"https:\/\/jlggb.net\/blog3\/wp-content\/uploads\/2011\/12\/tolomeo-luxo-300x225.jpg 300w, https:\/\/jlggb.net\/blog3\/wp-content\/uploads\/2011\/12\/tolomeo-luxo-150x112.jpg 150w\" sizes=\"auto, (max-width: 512px) 100vw, 512px\" \/><\/a><br \/>\n\u00ab Le regroupement familial (Vie des objets. Ch.5) \u00bb, 5 ao\u00fbt 2009, <a href=\"http:\/\/jlggb.net\/blog\/?p=4680\" target=\"_blank\">http:\/\/jlggb.net\/blog\/?p=4680<\/a><\/p>\n<p><a href=\"https:\/\/jlggb.net\/blog3\/wp-content\/uploads\/2011\/12\/tolomeo-decentrata.jpg\" data-rel=\"lightbox-image-3\" data-imagelightbox=\"3\" data-rl_title=\"\" data-rl_caption=\"\"><img loading=\"lazy\" decoding=\"async\" class=\"alignnone size-full wp-image-487\" title=\"\" src=\"https:\/\/jlggb.net\/blog3\/wp-content\/uploads\/2011\/12\/tolomeo-decentrata.jpg\" alt=\"\" width=\"512\" height=\"386\" srcset=\"https:\/\/jlggb.net\/blog3\/wp-content\/uploads\/2011\/12\/tolomeo-decentrata-300x225.jpg 300w, https:\/\/jlggb.net\/blog3\/wp-content\/uploads\/2011\/12\/tolomeo-decentrata-150x112.jpg 150w\" sizes=\"auto, (max-width: 512px) 100vw, 512px\" \/><\/a><br \/>\n\u00ab\u00a0Decentrata \u00bb, 9 janvier 2010, <a href=\"http:\/\/jlggb.net\/blog2\/?p=685\" target=\"_blank\">http:\/\/jlggb.net\/blog2\/?p=685<\/a><\/p>\n<p>Dans des expositions&nbsp;:<br \/>\n<a href=\"https:\/\/jlggb.net\/blog3\/wp-content\/uploads\/2011\/12\/mdc-2001-jeune-visiteuse-1600.jpg\" data-rel=\"lightbox-image-4\" data-imagelightbox=\"4\" data-rl_title=\"\" data-rl_caption=\"\" title=\"\"><img loading=\"lazy\" decoding=\"async\" src=\"https:\/\/jlggb.net\/blog3\/wp-content\/uploads\/2011\/12\/mdc-2001-jeune-visiteuse-1600.jpg\" alt=\"mdc-2001-jeune-visiteuse-1600\" width=\"512\" height=\"384\" class=\"alignnone size-full wp-image-4888\" srcset=\"https:\/\/jlggb.net\/blog3\/wp-content\/uploads\/2011\/12\/mdc-2001-jeune-visiteuse-1600.jpg 1600w, https:\/\/jlggb.net\/blog3\/wp-content\/uploads\/2011\/12\/mdc-2001-jeune-visiteuse-1600-300x225.jpg 300w, https:\/\/jlggb.net\/blog3\/wp-content\/uploads\/2011\/12\/mdc-2001-jeune-visiteuse-1600-1024x768.jpg 1024w, https:\/\/jlggb.net\/blog3\/wp-content\/uploads\/2011\/12\/mdc-2001-jeune-visiteuse-1600-150x112.jpg 150w\" sizes=\"auto, (max-width: 512px) 100vw, 512px\" \/><\/a><br \/>\nJLB, <em>M\u00e9moire de crayons<\/em>, installation avec 1024 crayons, un ordinateur et une base de donn\u00e9es, Centre Pompidou, 2001. Les deux lampes Tolomeo video ont \u00e9t\u00e9 offertes par Artemide.<\/p><\/blockquote>\n<p><a href=\"https:\/\/jlggb.net\/blog3\/wp-content\/uploads\/2011\/12\/lipstick-geridan-2004.jpg\" data-rel=\"lightbox-image-5\" data-imagelightbox=\"5\" data-rl_title=\"\" data-rl_caption=\"\"><img loading=\"lazy\" decoding=\"async\" class=\"alignnone  wp-image-463\" title=\"\" src=\"https:\/\/jlggb.net\/blog3\/wp-content\/uploads\/2011\/12\/lipstick-geridan-2004.jpg\" alt=\"\" width=\"512\" height=\"384\" srcset=\"https:\/\/jlggb.net\/blog3\/wp-content\/uploads\/2011\/12\/lipstick-geridan-2004.jpg 1024w, https:\/\/jlggb.net\/blog3\/wp-content\/uploads\/2011\/12\/lipstick-geridan-2004-300x225.jpg 300w, https:\/\/jlggb.net\/blog3\/wp-content\/uploads\/2011\/12\/lipstick-geridan-2004-150x112.jpg 150w\" sizes=\"auto, (max-width: 512px) 100vw, 512px\" \/><\/a><br \/>\nJean-Michel G\u00e9ridan, <em>Lipstick Traces<\/em>, installation interactive, <em>Jouable<\/em>, Ensad, 2004. La sc\u00e9nographie de cette exposition employait exclusivement des lampes de bureau Tolomeo.<\/p>\n","protected":false},"excerpt":{"rendered":"<p>Les pi\u00e8ces constitutives de la lampe Tolomeo Micro (Artemide). Jean-Louis Pradel a re\u00e7u Michele De Lucchi (designer milanais) le 24 novembre 2011, dans le cadre de ses Ateliers de rencontre de l&rsquo;Ensad. Il y est question des lampes Tolomeo et de leur succ\u00e8s. Voici une r\u00e9trospective des apparitions de la lampe Tolomeo dans jlggbblog&nbsp;: \u00ab &hellip; <a href=\"https:\/\/jlggb.net\/blog3\/?p=457\" class=\"more-link\">Continuer la lecture de <span class=\"screen-reader-text\">Dossier : Retour sur la lampe Tolomeo<\/span><\/a><\/p>\n","protected":false},"author":2,"featured_media":0,"comment_status":"closed","ping_status":"closed","sticky":false,"template":"","format":"standard","meta":{"footnotes":""},"categories":[43,93,44],"tags":[92,91],"class_list":["post-457","post","type-post","status-publish","format-standard","hentry","category-design","category-dossiers","category-objets","tag-michele-de-lucchi","tag-tolomeo"],"_links":{"self":[{"href":"https:\/\/jlggb.net\/blog3\/index.php?rest_route=\/wp\/v2\/posts\/457","targetHints":{"allow":["GET"]}}],"collection":[{"href":"https:\/\/jlggb.net\/blog3\/index.php?rest_route=\/wp\/v2\/posts"}],"about":[{"href":"https:\/\/jlggb.net\/blog3\/index.php?rest_route=\/wp\/v2\/types\/post"}],"author":[{"embeddable":true,"href":"https:\/\/jlggb.net\/blog3\/index.php?rest_route=\/wp\/v2\/users\/2"}],"replies":[{"embeddable":true,"href":"https:\/\/jlggb.net\/blog3\/index.php?rest_route=%2Fwp%2Fv2%2Fcomments&post=457"}],"version-history":[{"count":2,"href":"https:\/\/jlggb.net\/blog3\/index.php?rest_route=\/wp\/v2\/posts\/457\/revisions"}],"predecessor-version":[{"id":8468,"href":"https:\/\/jlggb.net\/blog3\/index.php?rest_route=\/wp\/v2\/posts\/457\/revisions\/8468"}],"wp:attachment":[{"href":"https:\/\/jlggb.net\/blog3\/index.php?rest_route=%2Fwp%2Fv2%2Fmedia&parent=457"}],"wp:term":[{"taxonomy":"category","embeddable":true,"href":"https:\/\/jlggb.net\/blog3\/index.php?rest_route=%2Fwp%2Fv2%2Fcategories&post=457"},{"taxonomy":"post_tag","embeddable":true,"href":"https:\/\/jlggb.net\/blog3\/index.php?rest_route=%2Fwp%2Fv2%2Ftags&post=457"}],"curies":[{"name":"wp","href":"https:\/\/api.w.org\/{rel}","templated":true}]}}