{"id":4163,"date":"2012-10-25T23:50:47","date_gmt":"2012-10-25T21:50:47","guid":{"rendered":"http:\/\/jlggb.net\/blog3\/?p=4163"},"modified":"2013-06-20T18:56:56","modified_gmt":"2013-06-20T16:56:56","slug":"de-la-bibliotheque-color-tokyo-2008-2012","status":"publish","type":"post","link":"https:\/\/jlggb.net\/blog3\/?p=4163","title":{"rendered":"De la biblioth\u00e8que : Color \u2014  Tokyo 2008-2012"},"content":{"rendered":"<p><a href=\"https:\/\/jlggb.net\/blog3\/wp-content\/uploads\/2012\/10\/dmtc-1r.jpg\" data-rel=\"lightbox-image-0\" data-imagelightbox=\"0\" data-rl_title=\"\" data-rl_caption=\"\"><img loading=\"lazy\" decoding=\"async\" src=\"https:\/\/jlggb.net\/blog3\/wp-content\/uploads\/2012\/10\/dmtc-1r.jpg\" alt=\"\" title=\"\" width=\"640\" height=\"480\" class=\"alignnone size-full wp-image-4167\" \/><\/a><br \/>\n<a href=\"https:\/\/jlggb.net\/blog3\/wp-content\/uploads\/2012\/10\/dmtc-2r.jpg\" data-rel=\"lightbox-image-1\" data-imagelightbox=\"1\" data-rl_title=\"\" data-rl_caption=\"\"><img loading=\"lazy\" decoding=\"async\" src=\"https:\/\/jlggb.net\/blog3\/wp-content\/uploads\/2012\/10\/dmtc-2r.jpg\" alt=\"\" title=\"\" width=\"640\" height=\"480\" class=\"alignnone size-full wp-image-4168\" \/><\/a><br \/>\n<a href=\"https:\/\/jlggb.net\/blog3\/wp-content\/uploads\/2012\/10\/dmtc-3r.jpg\" data-rel=\"lightbox-image-2\" data-imagelightbox=\"2\" data-rl_title=\"\" data-rl_caption=\"\"><img loading=\"lazy\" decoding=\"async\" src=\"https:\/\/jlggb.net\/blog3\/wp-content\/uploads\/2012\/10\/dmtc-3r.jpg\" alt=\"\" title=\"\" width=\"640\" height=\"480\" class=\"alignnone size-full wp-image-4169\" \/><\/a><br \/>\n<a href=\"https:\/\/jlggb.net\/blog3\/wp-content\/uploads\/2012\/10\/dmtc-4r.jpg\" data-rel=\"lightbox-image-3\" data-imagelightbox=\"3\" data-rl_title=\"\" data-rl_caption=\"\"><img loading=\"lazy\" decoding=\"async\" src=\"https:\/\/jlggb.net\/blog3\/wp-content\/uploads\/2012\/10\/dmtc-4r.jpg\" alt=\"\" title=\"\" width=\"640\" height=\"480\" class=\"alignnone size-full wp-image-4171\" \/><\/a><br \/>\n<a href=\"https:\/\/jlggb.net\/blog3\/wp-content\/uploads\/2012\/10\/dmtc-5r.jpg\" data-rel=\"lightbox-image-4\" data-imagelightbox=\"4\" data-rl_title=\"\" data-rl_caption=\"\"><img loading=\"lazy\" decoding=\"async\" src=\"https:\/\/jlggb.net\/blog3\/wp-content\/uploads\/2012\/10\/dmtc-5r.jpg\" alt=\"\" title=\"\" width=\"640\" height=\"480\" class=\"alignnone size-full wp-image-4166\" \/><\/a><br \/>\n<a href=\"https:\/\/jlggb.net\/blog3\/wp-content\/uploads\/2012\/10\/dmtc-0r.jpg\" data-rel=\"lightbox-image-5\" data-imagelightbox=\"5\" data-rl_title=\"\" data-rl_caption=\"\"><img loading=\"lazy\" decoding=\"async\" class=\"alignnone size-full wp-image-4170\" title=\"\" src=\"https:\/\/jlggb.net\/blog3\/wp-content\/uploads\/2012\/10\/dmtc-0r.jpg\" alt=\"\" width=\"640\" height=\"480\" \/><\/a><br \/>\nCet article est le 300e de <em>jlggbblog3<\/em> (depuis le 1er d\u00e9cembre 2011). Jeudi 25 octobre, 23h50. Les pr\u00e9c\u00e9dents articles, \u00ab Daido Moriyama\u00a0\u00bb du 1er juillet 2011&nbsp;: <a href=\"http:\/\/jlggb.net\/blog2\/?p=6144\" target=\"_blank\">http:\/\/jlggb.net\/blog2\/?p=6144<\/a> et \u00ab Moriyama \u00e0 la Daido \u00bb du 13 septembre 2012&nbsp;: <a href=\"https:\/\/jlggb.net\/blog3\/?p=3815\" target=\"_blank\">https:\/\/jlggb.net\/blog3\/?p=3815<\/a>, montraient le c\u00e9l\u00e9brissime Moriyama du noir et blanc. Entre 2008 et 2012, \u00e0 Tokyo, il a pris quelque 30 000 photographies num\u00e9riques en couleurs. C&rsquo;est une telle rupture que sa s\u00e9lection de 191 images peut se titrer <em>Color<\/em> (publi\u00e9 en 2012 par Getsuyosha). Un tour de force de radicali\u00e9&nbsp;: le livre proprement dit (hors jaquette et bandeau) ne comporte aucun mot ni num\u00e9ro (en dehors des photos elles-m\u00eames).<\/p>\n","protected":false},"excerpt":{"rendered":"<p>Cet article est le 300e de jlggbblog3 (depuis le 1er d\u00e9cembre 2011). Jeudi 25 octobre, 23h50. Les pr\u00e9c\u00e9dents articles, \u00ab Daido Moriyama\u00a0\u00bb du 1er juillet 2011&nbsp;: http:\/\/jlggb.net\/blog2\/?p=6144 et \u00ab Moriyama \u00e0 la Daido \u00bb du 13 septembre 2012&nbsp;: https:\/\/jlggb.net\/blog3\/?p=3815, montraient le c\u00e9l\u00e9brissime Moriyama du noir et blanc. Entre 2008 et 2012, \u00e0 Tokyo, il a &hellip; <a href=\"https:\/\/jlggb.net\/blog3\/?p=4163\" class=\"more-link\">Continuer la lecture de <span class=\"screen-reader-text\">De la biblioth\u00e8que : Color \u2014  Tokyo 2008-2012<\/span><\/a><\/p>\n","protected":false},"author":2,"featured_media":0,"comment_status":"closed","ping_status":"closed","sticky":false,"template":"","format":"standard","meta":{"footnotes":""},"categories":[60,138,16,70],"tags":[455,514],"class_list":["post-4163","post","type-post","status-publish","format-standard","hentry","category-couleurs","category-de-la-bibliotheque","category-livres","category-photographies","tag-daido-moriyama","tag-tokyo"],"_links":{"self":[{"href":"https:\/\/jlggb.net\/blog3\/index.php?rest_route=\/wp\/v2\/posts\/4163","targetHints":{"allow":["GET"]}}],"collection":[{"href":"https:\/\/jlggb.net\/blog3\/index.php?rest_route=\/wp\/v2\/posts"}],"about":[{"href":"https:\/\/jlggb.net\/blog3\/index.php?rest_route=\/wp\/v2\/types\/post"}],"author":[{"embeddable":true,"href":"https:\/\/jlggb.net\/blog3\/index.php?rest_route=\/wp\/v2\/users\/2"}],"replies":[{"embeddable":true,"href":"https:\/\/jlggb.net\/blog3\/index.php?rest_route=%2Fwp%2Fv2%2Fcomments&post=4163"}],"version-history":[{"count":0,"href":"https:\/\/jlggb.net\/blog3\/index.php?rest_route=\/wp\/v2\/posts\/4163\/revisions"}],"wp:attachment":[{"href":"https:\/\/jlggb.net\/blog3\/index.php?rest_route=%2Fwp%2Fv2%2Fmedia&parent=4163"}],"wp:term":[{"taxonomy":"category","embeddable":true,"href":"https:\/\/jlggb.net\/blog3\/index.php?rest_route=%2Fwp%2Fv2%2Fcategories&post=4163"},{"taxonomy":"post_tag","embeddable":true,"href":"https:\/\/jlggb.net\/blog3\/index.php?rest_route=%2Fwp%2Fv2%2Ftags&post=4163"}],"curies":[{"name":"wp","href":"https:\/\/api.w.org\/{rel}","templated":true}]}}