{"id":3916,"date":"2012-09-25T20:00:46","date_gmt":"2012-09-25T18:00:46","guid":{"rendered":"http:\/\/jlggb.net\/blog3\/?p=3916"},"modified":"2012-09-25T22:54:56","modified_gmt":"2012-09-25T20:54:56","slug":"ampoules-electriques","status":"publish","type":"post","link":"https:\/\/jlggb.net\/blog3\/?p=3916","title":{"rendered":"Interrupteurs, fils \u00e9lectriques, ampoules \u00e9lectriques"},"content":{"rendered":"<p><a href=\"https:\/\/jlggb.net\/blog3\/wp-content\/uploads\/2012\/09\/ampoules-3.jpg\" data-rel=\"lightbox-image-0\" data-imagelightbox=\"0\" data-rl_title=\"\" data-rl_caption=\"\"><img loading=\"lazy\" decoding=\"async\" src=\"https:\/\/jlggb.net\/blog3\/wp-content\/uploads\/2012\/09\/ampoules-3.jpg\" alt=\"\" title=\"\" width=\"640\" height=\"480\" class=\"alignnone size-full wp-image-3918\" \/><\/a><br \/>\n<a href=\"https:\/\/jlggb.net\/blog3\/wp-content\/uploads\/2012\/09\/ampoules-2.jpg\" data-rel=\"lightbox-image-1\" data-imagelightbox=\"1\" data-rl_title=\"\" data-rl_caption=\"\"><img loading=\"lazy\" decoding=\"async\" class=\"alignnone size-full wp-image-3917\" title=\"\" src=\"https:\/\/jlggb.net\/blog3\/wp-content\/uploads\/2012\/09\/ampoules-2.jpg\" alt=\"\" width=\"640\" height=\"480\" srcset=\"https:\/\/jlggb.net\/blog3\/wp-content\/uploads\/2012\/09\/ampoules-2.jpg 1600w, https:\/\/jlggb.net\/blog3\/wp-content\/uploads\/2012\/09\/ampoules-2-300x225.jpg 300w, https:\/\/jlggb.net\/blog3\/wp-content\/uploads\/2012\/09\/ampoules-2-1024x768.jpg 1024w, https:\/\/jlggb.net\/blog3\/wp-content\/uploads\/2012\/09\/ampoules-2-150x112.jpg 150w\" sizes=\"auto, (max-width: 640px) 100vw, 640px\" \/><\/a><br \/>\nMardi 25 septembre 2012, 19h30, Cit\u00e9 internationale des Arts, Paris 4e. Nicholas Vargelis, \u00e9clairagiste, artiste de la lumi\u00e8re, expose une installation et des vid\u00e9os dans \u00ab\u00a0Open Studios\u00a0\u00bb. Puisqu&rsquo;on s&rsquo;int\u00e9resse de pr\u00e8s \u00e0 la lumi\u00e8re en ce moment.<\/p>\n","protected":false},"excerpt":{"rendered":"<p>Mardi 25 septembre 2012, 19h30, Cit\u00e9 internationale des Arts, Paris 4e. Nicholas Vargelis, \u00e9clairagiste, artiste de la lumi\u00e8re, expose une installation et des vid\u00e9os dans \u00ab\u00a0Open Studios\u00a0\u00bb. Puisqu&rsquo;on s&rsquo;int\u00e9resse de pr\u00e8s \u00e0 la lumi\u00e8re en ce moment.<\/p>\n","protected":false},"author":2,"featured_media":0,"comment_status":"open","ping_status":"open","sticky":false,"template":"","format":"standard","meta":{"footnotes":""},"categories":[7,60],"tags":[472,473],"class_list":["post-3916","post","type-post","status-publish","format-standard","hentry","category-arts","category-couleurs","tag-ampoule-electrique","tag-cite-des-arts"],"_links":{"self":[{"href":"https:\/\/jlggb.net\/blog3\/index.php?rest_route=\/wp\/v2\/posts\/3916","targetHints":{"allow":["GET"]}}],"collection":[{"href":"https:\/\/jlggb.net\/blog3\/index.php?rest_route=\/wp\/v2\/posts"}],"about":[{"href":"https:\/\/jlggb.net\/blog3\/index.php?rest_route=\/wp\/v2\/types\/post"}],"author":[{"embeddable":true,"href":"https:\/\/jlggb.net\/blog3\/index.php?rest_route=\/wp\/v2\/users\/2"}],"replies":[{"embeddable":true,"href":"https:\/\/jlggb.net\/blog3\/index.php?rest_route=%2Fwp%2Fv2%2Fcomments&post=3916"}],"version-history":[{"count":0,"href":"https:\/\/jlggb.net\/blog3\/index.php?rest_route=\/wp\/v2\/posts\/3916\/revisions"}],"wp:attachment":[{"href":"https:\/\/jlggb.net\/blog3\/index.php?rest_route=%2Fwp%2Fv2%2Fmedia&parent=3916"}],"wp:term":[{"taxonomy":"category","embeddable":true,"href":"https:\/\/jlggb.net\/blog3\/index.php?rest_route=%2Fwp%2Fv2%2Fcategories&post=3916"},{"taxonomy":"post_tag","embeddable":true,"href":"https:\/\/jlggb.net\/blog3\/index.php?rest_route=%2Fwp%2Fv2%2Ftags&post=3916"}],"curies":[{"name":"wp","href":"https:\/\/api.w.org\/{rel}","templated":true}]}}