{"id":3898,"date":"2012-09-24T17:00:19","date_gmt":"2012-09-24T15:00:19","guid":{"rendered":"http:\/\/jlggb.net\/blog3\/?p=3898"},"modified":"2020-08-21T21:58:14","modified_gmt":"2020-08-21T19:58:14","slug":"la-derniere-rentree","status":"publish","type":"post","link":"https:\/\/jlggb.net\/blog3\/?p=3898","title":{"rendered":"La derni\u00e8re rentr\u00e9e"},"content":{"rendered":"<p><a href=\"https:\/\/jlggb.net\/blog3\/wp-content\/uploads\/2012\/09\/mullca-last.jpg\" data-rel=\"lightbox-image-0\" data-imagelightbox=\"0\" data-rl_title=\"\" data-rl_caption=\"\"><img loading=\"lazy\" decoding=\"async\" class=\"alignnone size-full wp-image-3899\" title=\"\" src=\"https:\/\/jlggb.net\/blog3\/wp-content\/uploads\/2012\/09\/mullca-last.jpg\" alt=\"\" width=\"640\" height=\"480\" srcset=\"https:\/\/jlggb.net\/blog3\/wp-content\/uploads\/2012\/09\/mullca-last.jpg 1600w, https:\/\/jlggb.net\/blog3\/wp-content\/uploads\/2012\/09\/mullca-last-300x225.jpg 300w, https:\/\/jlggb.net\/blog3\/wp-content\/uploads\/2012\/09\/mullca-last-1024x768.jpg 1024w, https:\/\/jlggb.net\/blog3\/wp-content\/uploads\/2012\/09\/mullca-last-150x112.jpg 150w\" sizes=\"auto, (max-width: 640px) 100vw, 640px\" \/><\/a><br \/>\nLundi 24 septembre 2012, 17h, Universit\u00e9 Paris 8, Saint-Denis. Tout se passe par mail. J&rsquo;aurai attendu quinze jours pour \u00ab\u00a0rentrer \u00bb&nbsp;: une int\u00e9ressante soutenance sur la typographie chez Godard, un autre, impossible, sur la sc\u00e9nographie des expositions interactives. Les chaises Mullca m&rsquo;ont toujours int\u00e9ress\u00e9. J&rsquo;en ai plac\u00e9 dans diverses expositions et installations (<em>Flora<\/em>, <em>M\u00e9moire de crayons<\/em>,\u00a0<em>La Morale sensitive<\/em>, <em>Modus Operandi<\/em>, etc.). Voici ce que j&rsquo;\u00e9crivais r\u00e9cemment \u00e0 mon coll\u00e8gue Samuel&nbsp;:<\/p>\n<blockquote><p>Cette chaise scolaire a \u00e9t\u00e9 connue sous plusieurs noms, parce que fabriqu\u00e9e sous diverses marques, avec pas mal de variantes. C&rsquo;est Gaston Cavaillon qui est consid\u00e9r\u00e9 comme le cr\u00e9ateur du mod\u00e8le (en 1950 puis 1964), en r\u00e9ponse \u00e0 des normes de l&rsquo;\u00c9ducation nationale. Je l&rsquo;ai connu sous le nom de Mullca 510. Mais l&rsquo;usine Mullca, qui se trouvait \u00e0 Noisy-le-Sec et que j&rsquo;ai visit\u00e9e dans les ann\u00e9es 70, a ferm\u00e9 ses portes (voir&nbsp;: <a href=\"http:\/\/www.liberation.fr\/metro\/0101208494-le-combat-desespere-des-trente-de-mullca-a-noisy-le-sec-des-employes-occupent-depuis-cinq-mois-leur-entreprise-qui-a-ferme\" target=\"_blank\" rel=\"noopener\">http:\/\/www.liberation.fr\/metro\/0101208494-le-combat-desespere-des-trente-de-mullca-a-noisy-le-sec-des-employes-occupent-depuis-cinq-mois-leur-entreprise-qui-a-ferme<\/a>). C&rsquo;est dans les premi\u00e8res ann\u00e9es du minist\u00e8re Jack Lang que cette chaise est sortie en noir, pour valoriser le design fran\u00e7ais, et pour \u00eatre vendue chez Habitat et au Bon March\u00e9&#8230; On en a achet\u00e9 50 pour <em>Artifices<\/em> en 1994. En 1995, j&rsquo;ai command\u00e9, \u00e0 une usine qui se trouvait \u00e0 Dijon, un mod\u00e8le pour enfants (pour <em>Globus Oculi<\/em>). Voir aussi \u00ab Les Charmettes \u00bb&nbsp;: <a href=\"https:\/\/jlggb.net\/blog3\/?p=1018\" target=\"_blank\" rel=\"noopener\">https:\/\/jlggb.net\/blog3\/?p=1018<\/a>.<\/p><\/blockquote>\n<p><span style=\"color: #ffffff;\">&#8211;<\/span><br \/>\n<a href=\"https:\/\/jlggb.net\/blog3\/wp-content\/uploads\/2012\/09\/chaise-mullca-jlb.jpg\" data-rel=\"lightbox-image-1\" data-imagelightbox=\"1\" data-rl_title=\"\" data-rl_caption=\"\"><img loading=\"lazy\" decoding=\"async\" class=\"alignnone size-full wp-image-3900\" title=\"\" src=\"https:\/\/jlggb.net\/blog3\/wp-content\/uploads\/2012\/09\/chaise-mullca-jlb.jpg\" alt=\"\" width=\"640\" height=\"480\" srcset=\"https:\/\/jlggb.net\/blog3\/wp-content\/uploads\/2012\/09\/chaise-mullca-jlb.jpg 1600w, https:\/\/jlggb.net\/blog3\/wp-content\/uploads\/2012\/09\/chaise-mullca-jlb-300x225.jpg 300w, https:\/\/jlggb.net\/blog3\/wp-content\/uploads\/2012\/09\/chaise-mullca-jlb-1024x768.jpg 1024w, https:\/\/jlggb.net\/blog3\/wp-content\/uploads\/2012\/09\/chaise-mullca-jlb-150x112.jpg 150w\" sizes=\"auto, (max-width: 640px) 100vw, 640px\" \/><\/a><br \/>\nDessin employ\u00e9 dans plusieurs vues d&rsquo;installations et d&rsquo;expositions du livre <em>La Relation comme forme<\/em>, mamco, Gen\u00e8ve, 2004-2009.<\/p>\n","protected":false},"excerpt":{"rendered":"<p>Lundi 24 septembre 2012, 17h, Universit\u00e9 Paris 8, Saint-Denis. Tout se passe par mail. J&rsquo;aurai attendu quinze jours pour \u00ab\u00a0rentrer \u00bb&nbsp;: une int\u00e9ressante soutenance sur la typographie chez Godard, un autre, impossible, sur la sc\u00e9nographie des expositions interactives. Les chaises Mullca m&rsquo;ont toujours int\u00e9ress\u00e9. J&rsquo;en ai plac\u00e9 dans diverses expositions et installations (Flora, M\u00e9moire de &hellip; <a href=\"https:\/\/jlggb.net\/blog3\/?p=3898\" class=\"more-link\">Continuer la lecture de <span class=\"screen-reader-text\">La derni\u00e8re rentr\u00e9e<\/span><\/a><\/p>\n","protected":false},"author":2,"featured_media":0,"comment_status":"closed","ping_status":"closed","sticky":false,"template":"","format":"standard","meta":{"footnotes":""},"categories":[43,35,24,44],"tags":[471,470,255],"class_list":["post-3898","post","type-post","status-publish","format-standard","hentry","category-design","category-escaliers","category-monuments","category-objets","tag-chaise","tag-mullca","tag-universite-paris-8"],"_links":{"self":[{"href":"https:\/\/jlggb.net\/blog3\/index.php?rest_route=\/wp\/v2\/posts\/3898","targetHints":{"allow":["GET"]}}],"collection":[{"href":"https:\/\/jlggb.net\/blog3\/index.php?rest_route=\/wp\/v2\/posts"}],"about":[{"href":"https:\/\/jlggb.net\/blog3\/index.php?rest_route=\/wp\/v2\/types\/post"}],"author":[{"embeddable":true,"href":"https:\/\/jlggb.net\/blog3\/index.php?rest_route=\/wp\/v2\/users\/2"}],"replies":[{"embeddable":true,"href":"https:\/\/jlggb.net\/blog3\/index.php?rest_route=%2Fwp%2Fv2%2Fcomments&post=3898"}],"version-history":[{"count":0,"href":"https:\/\/jlggb.net\/blog3\/index.php?rest_route=\/wp\/v2\/posts\/3898\/revisions"}],"wp:attachment":[{"href":"https:\/\/jlggb.net\/blog3\/index.php?rest_route=%2Fwp%2Fv2%2Fmedia&parent=3898"}],"wp:term":[{"taxonomy":"category","embeddable":true,"href":"https:\/\/jlggb.net\/blog3\/index.php?rest_route=%2Fwp%2Fv2%2Fcategories&post=3898"},{"taxonomy":"post_tag","embeddable":true,"href":"https:\/\/jlggb.net\/blog3\/index.php?rest_route=%2Fwp%2Fv2%2Ftags&post=3898"}],"curies":[{"name":"wp","href":"https:\/\/api.w.org\/{rel}","templated":true}]}}