{"id":3704,"date":"2012-09-01T18:30:38","date_gmt":"2012-09-01T16:30:38","guid":{"rendered":"http:\/\/jlggb.net\/blog3\/?p=3704"},"modified":"2020-08-21T22:11:16","modified_gmt":"2020-08-21T20:11:16","slug":"1er-septembre-2012-100-personnes-rassemblees-au-bord-du-canal-saint-martin","status":"publish","type":"post","link":"https:\/\/jlggb.net\/blog3\/?p=3704","title":{"rendered":"1er septembre 2012 : cent personnes rassembl\u00e9es au bord du canal Saint-Martin"},"content":{"rendered":"<p><a href=\"https:\/\/jlggb.net\/blog3\/wp-content\/uploads\/2012\/09\/canal-1er-sept.jpg\" data-rel=\"lightbox-image-0\" data-imagelightbox=\"0\" data-rl_title=\"\" data-rl_caption=\"\"><img loading=\"lazy\" decoding=\"async\" class=\"alignnone size-full wp-image-3705\" title=\"\" src=\"https:\/\/jlggb.net\/blog3\/wp-content\/uploads\/2012\/09\/canal-1er-sept.jpg\" alt=\"\" width=\"640\" height=\"480\" srcset=\"https:\/\/jlggb.net\/blog3\/wp-content\/uploads\/2012\/09\/canal-1er-sept.jpg 1600w, https:\/\/jlggb.net\/blog3\/wp-content\/uploads\/2012\/09\/canal-1er-sept-300x225.jpg 300w, https:\/\/jlggb.net\/blog3\/wp-content\/uploads\/2012\/09\/canal-1er-sept-1024x768.jpg 1024w, https:\/\/jlggb.net\/blog3\/wp-content\/uploads\/2012\/09\/canal-1er-sept-150x112.jpg 150w\" sizes=\"auto, (max-width: 640px) 100vw, 640px\" \/><\/a><br \/>\nSamedi 1er septembre 2012, 18h25, canal Saint-Martin, Quai de Valmy, Quai de Jemmapes, Paris 10e. Apr\u00e8s une p\u00e9riode de canicule, il a fait frais jusqu&rsquo;\u00e0 ce matin. Mais l&rsquo;apr\u00e8s-midi est douce. Jamais vu autant de monde sur ces quais. Dans cette photo, dans ce cadrage, je compte pr\u00e8s de cent personnes, dont les onze jeunes au premier plan, qui vont m&rsquo;interpeller sur leur droit \u00e0 l&rsquo;image \u2014 et en plus ils sont mineurs. Si l&rsquo;on regarde ce qu&rsquo;a fait Chris Marker, photographier des personnes dans la rue ou le m\u00e9tro, le plus souvent \u00e0 leur insu, dans une \u00ab\u00a0tradition \u00bb qui a un rep\u00e8re incontest\u00e9 (artistiquement), les portraits de voyageurs du m\u00e9tro ou de passants par Walker Evans, on peut dire que le droit et la jurisprudence sont variables. On peut aussi s&rsquo;amuser \u00e0 consid\u00e9rer que les personnes rassembl\u00e9es par un \u00e9v\u00e9nement public (ici, la c\u00e9l\u00e9bration du soleil un samedi apr\u00e8s-midi au bord du canal Saint-Martin \u00e0 Paris) peuvent m\u00e9riter de faire passer le droit \u00e0 l&rsquo;information avant le droit individuel \u00e0 l&rsquo;image.<\/p>\n<blockquote><p>Extrait d&rsquo;un article de Tamara Bootherstone, avocat au Barreau de Paris<br \/>\nLieu public&nbsp;: le droit \u00e0 l\u2019information prime, donc pas besoin de l\u2019autorisation de la personne photographi\u00e9e. Mais \u00e0 une triple condition&nbsp;: La photo doit \u00eatre prise 1) \u00e0 l\u2019occasion d\u2019un \u00e9v\u00e8nement 2) constituant une information int\u00e9ressant le public et 3) \u00eatre publi\u00e9e pour illustrer cet \u00e9v\u00e8nement pr\u00e9cis. Les trois conditions sont cumulatives&nbsp;: si l\u2019on reprend la photo prise lors de l\u2019\u00e9v\u00e8nement pour illustrer un tout autre propos (un livre recueil de po\u00e9sies par exemple&nbsp;; ou un article de presse portant sur un tout autre sujet) alors l\u2019exception ne fonctionne pas et il faudra l\u2019accord de la personne pour publier la photo. La personne photographi\u00e9e est concern\u00e9e par le sujet&nbsp;: si elle est l\u00e0 par hasard et n\u2019a rien \u00e0 voir avec le sujet trait\u00e9, il faudra son autorisation pour lier son image au sujet en cause. Respect de la dignit\u00e9&nbsp;: la photo ne doit pas porter pas atteinte \u00e0 la dignit\u00e9 de la personne photographi\u00e9e. Le droit au respect de sa dignit\u00e9 est pr\u00e9vu par notre Code Civil en son article 16\u00a0: \u00ab la Loi assure la primaut\u00e9 de la personne, interdit toute atteinte \u00e0 la dignit\u00e9 de celle-ci et garantit le respect de l\u2019\u00eatre humain d\u00e8s le commencement de sa vie\u00bb. Personnes mineures&nbsp;: pour les personnes mineures reconnaissables ou identifiables, il faudra obtenir l\u2019autorisation des repr\u00e9sentants l\u00e9gaux, le plus souvent les parents.<\/p><\/blockquote>\n","protected":false},"excerpt":{"rendered":"<p>Samedi 1er septembre 2012, 18h25, canal Saint-Martin, Quai de Valmy, Quai de Jemmapes, Paris 10e. Apr\u00e8s une p\u00e9riode de canicule, il a fait frais jusqu&rsquo;\u00e0 ce matin. Mais l&rsquo;apr\u00e8s-midi est douce. Jamais vu autant de monde sur ces quais. Dans cette photo, dans ce cadrage, je compte pr\u00e8s de cent personnes, dont les onze jeunes &hellip; <a href=\"https:\/\/jlggb.net\/blog3\/?p=3704\" class=\"more-link\">Continuer la lecture de <span class=\"screen-reader-text\">1er septembre 2012 : cent personnes rassembl\u00e9es au bord du canal Saint-Martin<\/span><\/a><\/p>\n","protected":false},"author":2,"featured_media":0,"comment_status":"closed","ping_status":"closed","sticky":false,"template":"","format":"standard","meta":{"footnotes":""},"categories":[42,74,70],"tags":[442,441,36,440],"class_list":["post-3704","post","type-post","status-publish","format-standard","hentry","category-langage","category-personnes","category-photographies","tag-canal-saint-martin","tag-ete","tag-paris","tag-personnes-2"],"_links":{"self":[{"href":"https:\/\/jlggb.net\/blog3\/index.php?rest_route=\/wp\/v2\/posts\/3704","targetHints":{"allow":["GET"]}}],"collection":[{"href":"https:\/\/jlggb.net\/blog3\/index.php?rest_route=\/wp\/v2\/posts"}],"about":[{"href":"https:\/\/jlggb.net\/blog3\/index.php?rest_route=\/wp\/v2\/types\/post"}],"author":[{"embeddable":true,"href":"https:\/\/jlggb.net\/blog3\/index.php?rest_route=\/wp\/v2\/users\/2"}],"replies":[{"embeddable":true,"href":"https:\/\/jlggb.net\/blog3\/index.php?rest_route=%2Fwp%2Fv2%2Fcomments&post=3704"}],"version-history":[{"count":0,"href":"https:\/\/jlggb.net\/blog3\/index.php?rest_route=\/wp\/v2\/posts\/3704\/revisions"}],"wp:attachment":[{"href":"https:\/\/jlggb.net\/blog3\/index.php?rest_route=%2Fwp%2Fv2%2Fmedia&parent=3704"}],"wp:term":[{"taxonomy":"category","embeddable":true,"href":"https:\/\/jlggb.net\/blog3\/index.php?rest_route=%2Fwp%2Fv2%2Fcategories&post=3704"},{"taxonomy":"post_tag","embeddable":true,"href":"https:\/\/jlggb.net\/blog3\/index.php?rest_route=%2Fwp%2Fv2%2Ftags&post=3704"}],"curies":[{"name":"wp","href":"https:\/\/api.w.org\/{rel}","templated":true}]}}