{"id":3611,"date":"2012-08-26T19:15:33","date_gmt":"2012-08-26T17:15:33","guid":{"rendered":"http:\/\/jlggb.net\/blog3\/?p=3611"},"modified":"2014-02-23T19:34:51","modified_gmt":"2014-02-23T18:34:51","slug":"literie-litterale","status":"publish","type":"post","link":"https:\/\/jlggb.net\/blog3\/?p=3611","title":{"rendered":"Literie litt\u00e9rale"},"content":{"rendered":"<p><a href=\"https:\/\/jlggb.net\/blog3\/wp-content\/uploads\/2012\/08\/literie.jpg\" data-rel=\"lightbox-image-0\" data-imagelightbox=\"0\" data-rl_title=\"\" data-rl_caption=\"\"><img loading=\"lazy\" decoding=\"async\" class=\"alignnone size-full wp-image-3612\" title=\"\" src=\"https:\/\/jlggb.net\/blog3\/wp-content\/uploads\/2012\/08\/literie.jpg\" alt=\"\" width=\"640\" height=\"480\" srcset=\"https:\/\/jlggb.net\/blog3\/wp-content\/uploads\/2012\/08\/literie.jpg 1600w, https:\/\/jlggb.net\/blog3\/wp-content\/uploads\/2012\/08\/literie-300x225.jpg 300w, https:\/\/jlggb.net\/blog3\/wp-content\/uploads\/2012\/08\/literie-1024x768.jpg 1024w, https:\/\/jlggb.net\/blog3\/wp-content\/uploads\/2012\/08\/literie-150x112.jpg 150w\" sizes=\"auto, (max-width: 640px) 100vw, 640px\" \/><\/a><br \/>\nDimanche 26 ao\u00fbt 2012, 19h15, rue Froment, Paris 11e, magasin Lamyliterie. L&rsquo;id\u00e9e de litt\u00e9ralit\u00e9 attach\u00e9e aux enseignes en n\u00e9on est une r\u00e9alit\u00e9 vernaculaire et pas l&rsquo;exclusivit\u00e9 de l&rsquo;art conceptuel (qui d&rsquo;ailleurs s&rsquo;est inspir\u00e9 des enseignes v\u00e9ritables). Voir le <a href=\"http:\/\/jlggb.net\/blog2\/?p=5801\" target=\"_blank\">\u00ab N\u00e9on litt\u00e9ral \u00bb du 11 juin 2011<\/a> et <a href=\"http:\/\/jlggb.net\/blog2\/?p=1904\" target=\"_blank\">\u00ab Le bien-\u00eatre \u00bb du 19 avril 2010<\/a> et aussi <a href=\"https:\/\/jlggb.net\/blog3\/?p=1420\" target=\"_blank\">\u00ab N\u00e9on n\u00e9on \u00bb du 17 f\u00e9vrier 2012<\/a>.<\/p>\n","protected":false},"excerpt":{"rendered":"<p>Dimanche 26 ao\u00fbt 2012, 19h15, rue Froment, Paris 11e, magasin Lamyliterie. L&rsquo;id\u00e9e de litt\u00e9ralit\u00e9 attach\u00e9e aux enseignes en n\u00e9on est une r\u00e9alit\u00e9 vernaculaire et pas l&rsquo;exclusivit\u00e9 de l&rsquo;art conceptuel (qui d&rsquo;ailleurs s&rsquo;est inspir\u00e9 des enseignes v\u00e9ritables). Voir le \u00ab N\u00e9on litt\u00e9ral \u00bb du 11 juin 2011 et \u00ab Le bien-\u00eatre \u00bb du 19 avril 2010 &hellip; <a href=\"https:\/\/jlggb.net\/blog3\/?p=3611\" class=\"more-link\">Continuer la lecture de <span class=\"screen-reader-text\">Literie litt\u00e9rale<\/span><\/a><\/p>\n","protected":false},"author":2,"featured_media":0,"comment_status":"closed","ping_status":"closed","sticky":false,"template":"","format":"standard","meta":{"footnotes":""},"categories":[75,76],"tags":[132],"class_list":["post-3611","post","type-post","status-publish","format-standard","hentry","category-enseignes","category-typographie","tag-neon"],"_links":{"self":[{"href":"https:\/\/jlggb.net\/blog3\/index.php?rest_route=\/wp\/v2\/posts\/3611","targetHints":{"allow":["GET"]}}],"collection":[{"href":"https:\/\/jlggb.net\/blog3\/index.php?rest_route=\/wp\/v2\/posts"}],"about":[{"href":"https:\/\/jlggb.net\/blog3\/index.php?rest_route=\/wp\/v2\/types\/post"}],"author":[{"embeddable":true,"href":"https:\/\/jlggb.net\/blog3\/index.php?rest_route=\/wp\/v2\/users\/2"}],"replies":[{"embeddable":true,"href":"https:\/\/jlggb.net\/blog3\/index.php?rest_route=%2Fwp%2Fv2%2Fcomments&post=3611"}],"version-history":[{"count":0,"href":"https:\/\/jlggb.net\/blog3\/index.php?rest_route=\/wp\/v2\/posts\/3611\/revisions"}],"wp:attachment":[{"href":"https:\/\/jlggb.net\/blog3\/index.php?rest_route=%2Fwp%2Fv2%2Fmedia&parent=3611"}],"wp:term":[{"taxonomy":"category","embeddable":true,"href":"https:\/\/jlggb.net\/blog3\/index.php?rest_route=%2Fwp%2Fv2%2Fcategories&post=3611"},{"taxonomy":"post_tag","embeddable":true,"href":"https:\/\/jlggb.net\/blog3\/index.php?rest_route=%2Fwp%2Fv2%2Ftags&post=3611"}],"curies":[{"name":"wp","href":"https:\/\/api.w.org\/{rel}","templated":true}]}}