{"id":3602,"date":"2012-08-26T19:00:25","date_gmt":"2012-08-26T17:00:25","guid":{"rendered":"http:\/\/jlggb.net\/blog3\/?p=3602"},"modified":"2014-02-23T19:34:38","modified_gmt":"2014-02-23T18:34:38","slug":"coiffure-francaise","status":"publish","type":"post","link":"https:\/\/jlggb.net\/blog3\/?p=3602","title":{"rendered":"Coiffure fran\u00e7aise"},"content":{"rendered":"<p><a href=\"https:\/\/jlggb.net\/blog3\/wp-content\/uploads\/2012\/08\/coiffure-st-bernard.jpg\" data-rel=\"lightbox-image-0\" data-imagelightbox=\"0\" data-rl_title=\"\" data-rl_caption=\"\"><img loading=\"lazy\" decoding=\"async\" class=\"alignnone size-full wp-image-3605\" title=\"\" alt=\"\" src=\"https:\/\/jlggb.net\/blog3\/wp-content\/uploads\/2012\/08\/coiffure-st-bernard.jpg\" width=\"640\" height=\"480\" srcset=\"https:\/\/jlggb.net\/blog3\/wp-content\/uploads\/2012\/08\/coiffure-st-bernard.jpg 1600w, https:\/\/jlggb.net\/blog3\/wp-content\/uploads\/2012\/08\/coiffure-st-bernard-300x225.jpg 300w, https:\/\/jlggb.net\/blog3\/wp-content\/uploads\/2012\/08\/coiffure-st-bernard-1024x768.jpg 1024w, https:\/\/jlggb.net\/blog3\/wp-content\/uploads\/2012\/08\/coiffure-st-bernard-150x112.jpg 150w\" sizes=\"auto, (max-width: 640px) 100vw, 640px\" \/><\/a><br \/>\nDimanche 26 ao\u00fbt 2012, 19h, rue Saint-Bernard, Paris 11e. Le Vend\u00f4me, typographie fran\u00e7aise par excellence \u2014\u00a0on l&rsquo;a d\u00e9j\u00e0 not\u00e9 souvent, par Fran\u00e7ois Ganeau (1912-1983) pour la fonderie Olive, 1952, voir par exemple&nbsp;: <a href=\"http:\/\/jlggb.net\/blog2\/?p=6738\" target=\"_blank\">\u00ab\u00a0La vie moderne \u00bb, 4 ao\u00fbt 2011<\/a> et <a href=\"http:\/\/jlggb.net\/blog2\/?p=6904\" target=\"_blank\">\u00ab Vend\u00f4me de boucherie \u00bb, 13 ao\u00fbt 2011<\/a> \u2014 sur un rouge bordeaux parfaitement raccord.<\/p>\n","protected":false},"excerpt":{"rendered":"<p>Dimanche 26 ao\u00fbt 2012, 19h, rue Saint-Bernard, Paris 11e. Le Vend\u00f4me, typographie fran\u00e7aise par excellence \u2014\u00a0on l&rsquo;a d\u00e9j\u00e0 not\u00e9 souvent, par Fran\u00e7ois Ganeau (1912-1983) pour la fonderie Olive, 1952, voir par exemple&nbsp;: \u00ab\u00a0La vie moderne \u00bb, 4 ao\u00fbt 2011 et \u00ab Vend\u00f4me de boucherie \u00bb, 13 ao\u00fbt 2011 \u2014 sur un rouge bordeaux parfaitement raccord.<\/p>\n","protected":false},"author":2,"featured_media":0,"comment_status":"closed","ping_status":"closed","sticky":false,"template":"","format":"standard","meta":{"footnotes":""},"categories":[60,75,76],"tags":[278,432],"class_list":["post-3602","post","type-post","status-publish","format-standard","hentry","category-couleurs","category-enseignes","category-typographie","tag-coiffure","tag-vendome"],"_links":{"self":[{"href":"https:\/\/jlggb.net\/blog3\/index.php?rest_route=\/wp\/v2\/posts\/3602","targetHints":{"allow":["GET"]}}],"collection":[{"href":"https:\/\/jlggb.net\/blog3\/index.php?rest_route=\/wp\/v2\/posts"}],"about":[{"href":"https:\/\/jlggb.net\/blog3\/index.php?rest_route=\/wp\/v2\/types\/post"}],"author":[{"embeddable":true,"href":"https:\/\/jlggb.net\/blog3\/index.php?rest_route=\/wp\/v2\/users\/2"}],"replies":[{"embeddable":true,"href":"https:\/\/jlggb.net\/blog3\/index.php?rest_route=%2Fwp%2Fv2%2Fcomments&post=3602"}],"version-history":[{"count":0,"href":"https:\/\/jlggb.net\/blog3\/index.php?rest_route=\/wp\/v2\/posts\/3602\/revisions"}],"wp:attachment":[{"href":"https:\/\/jlggb.net\/blog3\/index.php?rest_route=%2Fwp%2Fv2%2Fmedia&parent=3602"}],"wp:term":[{"taxonomy":"category","embeddable":true,"href":"https:\/\/jlggb.net\/blog3\/index.php?rest_route=%2Fwp%2Fv2%2Fcategories&post=3602"},{"taxonomy":"post_tag","embeddable":true,"href":"https:\/\/jlggb.net\/blog3\/index.php?rest_route=%2Fwp%2Fv2%2Ftags&post=3602"}],"curies":[{"name":"wp","href":"https:\/\/api.w.org\/{rel}","templated":true}]}}