{"id":3575,"date":"2012-08-24T17:30:28","date_gmt":"2012-08-24T15:30:28","guid":{"rendered":"http:\/\/jlggb.net\/blog3\/?p=3575"},"modified":"2014-02-23T19:34:22","modified_gmt":"2014-02-23T18:34:22","slug":"lun-des-escaliers-en-colimacon-du-nouveau-palais-de-tokyo","status":"publish","type":"post","link":"https:\/\/jlggb.net\/blog3\/?p=3575","title":{"rendered":"L&rsquo;un des escaliers en colima\u00e7on du nouveau Palais de Tokyo"},"content":{"rendered":"<p><a href=\"https:\/\/jlggb.net\/blog3\/wp-content\/uploads\/2012\/08\/palais-escalier.jpg\" data-rel=\"lightbox-image-0\" data-imagelightbox=\"0\" data-rl_title=\"\" data-rl_caption=\"\"><img loading=\"lazy\" decoding=\"async\" class=\"alignnone size-full wp-image-3577\" title=\"\" src=\"https:\/\/jlggb.net\/blog3\/wp-content\/uploads\/2012\/08\/palais-escalier.jpg\" alt=\"\" width=\"640\" height=\"480\" srcset=\"https:\/\/jlggb.net\/blog3\/wp-content\/uploads\/2012\/08\/palais-escalier.jpg 1600w, https:\/\/jlggb.net\/blog3\/wp-content\/uploads\/2012\/08\/palais-escalier-300x225.jpg 300w, https:\/\/jlggb.net\/blog3\/wp-content\/uploads\/2012\/08\/palais-escalier-1024x768.jpg 1024w, https:\/\/jlggb.net\/blog3\/wp-content\/uploads\/2012\/08\/palais-escalier-150x112.jpg 150w\" sizes=\"auto, (max-width: 640px) 100vw, 640px\" \/><\/a><br \/>\nVendredi 24 ao\u00fbt 2012, 17h30, Palais de Tokyo, Paris 16e. Pour d\u00e9gager les immenses espaces (re)d\u00e9couverts dans les sous-sols, les <a href=\"http:\/\/www.lacatonvassal.com\/index.php?idp=20\" target=\"_blank\">architectes Lacaton et Vassal<\/a> ont travaill\u00e9 \u00e0 l&rsquo;\u00e9clairage, \u00e0 l&rsquo;accessibilit\u00e9 et \u00e0 la s\u00e9curit\u00e9, sans autres am\u00e9nagements et constructions. Ils ont install\u00e9 de nombreux escaliers dont celui-ci, le premier escalier en colima\u00e7on m\u00e9tallique o\u00f9 je remarque une rampe centrale qui interdit la partie centrale la plus abrupte.<\/p>\n","protected":false},"excerpt":{"rendered":"<p>Vendredi 24 ao\u00fbt 2012, 17h30, Palais de Tokyo, Paris 16e. Pour d\u00e9gager les immenses espaces (re)d\u00e9couverts dans les sous-sols, les architectes Lacaton et Vassal ont travaill\u00e9 \u00e0 l&rsquo;\u00e9clairage, \u00e0 l&rsquo;accessibilit\u00e9 et \u00e0 la s\u00e9curit\u00e9, sans autres am\u00e9nagements et constructions. Ils ont install\u00e9 de nombreux escaliers dont celui-ci, le premier escalier en colima\u00e7on m\u00e9tallique o\u00f9 je &hellip; <a href=\"https:\/\/jlggb.net\/blog3\/?p=3575\" class=\"more-link\">Continuer la lecture de <span class=\"screen-reader-text\">L&rsquo;un des escaliers en colima\u00e7on du nouveau Palais de Tokyo<\/span><\/a><\/p>\n","protected":false},"author":2,"featured_media":0,"comment_status":"closed","ping_status":"closed","sticky":false,"template":"","format":"standard","meta":{"footnotes":""},"categories":[64,35],"tags":[428,341],"class_list":["post-3575","post","type-post","status-publish","format-standard","hentry","category-architecture","category-escaliers","tag-lacaton-et-vassal","tag-palais-de-tokyo"],"_links":{"self":[{"href":"https:\/\/jlggb.net\/blog3\/index.php?rest_route=\/wp\/v2\/posts\/3575","targetHints":{"allow":["GET"]}}],"collection":[{"href":"https:\/\/jlggb.net\/blog3\/index.php?rest_route=\/wp\/v2\/posts"}],"about":[{"href":"https:\/\/jlggb.net\/blog3\/index.php?rest_route=\/wp\/v2\/types\/post"}],"author":[{"embeddable":true,"href":"https:\/\/jlggb.net\/blog3\/index.php?rest_route=\/wp\/v2\/users\/2"}],"replies":[{"embeddable":true,"href":"https:\/\/jlggb.net\/blog3\/index.php?rest_route=%2Fwp%2Fv2%2Fcomments&post=3575"}],"version-history":[{"count":0,"href":"https:\/\/jlggb.net\/blog3\/index.php?rest_route=\/wp\/v2\/posts\/3575\/revisions"}],"wp:attachment":[{"href":"https:\/\/jlggb.net\/blog3\/index.php?rest_route=%2Fwp%2Fv2%2Fmedia&parent=3575"}],"wp:term":[{"taxonomy":"category","embeddable":true,"href":"https:\/\/jlggb.net\/blog3\/index.php?rest_route=%2Fwp%2Fv2%2Fcategories&post=3575"},{"taxonomy":"post_tag","embeddable":true,"href":"https:\/\/jlggb.net\/blog3\/index.php?rest_route=%2Fwp%2Fv2%2Ftags&post=3575"}],"curies":[{"name":"wp","href":"https:\/\/api.w.org\/{rel}","templated":true}]}}