{"id":3370,"date":"2012-08-13T13:18:13","date_gmt":"2012-08-13T11:18:13","guid":{"rendered":"http:\/\/jlggb.net\/blog3\/?p=3370"},"modified":"2014-02-23T19:28:53","modified_gmt":"2014-02-23T18:28:53","slug":"franfurt-am-main-hbf","status":"publish","type":"post","link":"https:\/\/jlggb.net\/blog3\/?p=3370","title":{"rendered":"Frankfurt-am-Main HBF"},"content":{"rendered":"<p><a href=\"https:\/\/jlggb.net\/blog3\/wp-content\/uploads\/2012\/08\/francfort-hbf.jpg\" data-rel=\"lightbox-image-0\" data-imagelightbox=\"0\" data-rl_title=\"\" data-rl_caption=\"\"><img loading=\"lazy\" decoding=\"async\" src=\"https:\/\/jlggb.net\/blog3\/wp-content\/uploads\/2012\/08\/francfort-hbf.jpg\" alt=\"\" title=\"\" width=\"640\" height=\"480\" class=\"alignnone size-full wp-image-3371\" srcset=\"https:\/\/jlggb.net\/blog3\/wp-content\/uploads\/2012\/08\/francfort-hbf.jpg 1600w, https:\/\/jlggb.net\/blog3\/wp-content\/uploads\/2012\/08\/francfort-hbf-300x225.jpg 300w, https:\/\/jlggb.net\/blog3\/wp-content\/uploads\/2012\/08\/francfort-hbf-1024x768.jpg 1024w, https:\/\/jlggb.net\/blog3\/wp-content\/uploads\/2012\/08\/francfort-hbf-150x112.jpg 150w\" sizes=\"auto, (max-width: 640px) 100vw, 640px\" \/><\/a><br \/>\nLundi 13 ao\u00fbt 2012, 13h18. La gare centrale de Francfort (construite en 1888, restaur\u00e9e apr\u00e8s la guerre puis de 2002 \u00e0 2006), est l&rsquo;une des plus impressionnantes constructions m\u00e9talliques que l&rsquo;on connaisse. On ne l&rsquo;aper\u00e7oit aujourd&rsquo;hui que tr\u00e8s rapidement car, dans le trajet de Paris \u00e0 Kassel, on n&rsquo;a que quelques minutes pour passer du TGV \u00e0 l&rsquo;ICE.<\/p>\n","protected":false},"excerpt":{"rendered":"<p>Lundi 13 ao\u00fbt 2012, 13h18. La gare centrale de Francfort (construite en 1888, restaur\u00e9e apr\u00e8s la guerre puis de 2002 \u00e0 2006), est l&rsquo;une des plus impressionnantes constructions m\u00e9talliques que l&rsquo;on connaisse. On ne l&rsquo;aper\u00e7oit aujourd&rsquo;hui que tr\u00e8s rapidement car, dans le trajet de Paris \u00e0 Kassel, on n&rsquo;a que quelques minutes pour passer du &hellip; <a href=\"https:\/\/jlggb.net\/blog3\/?p=3370\" class=\"more-link\">Continuer la lecture de <span class=\"screen-reader-text\">Frankfurt-am-Main HBF<\/span><\/a><\/p>\n","protected":false},"author":2,"featured_media":0,"comment_status":"closed","ping_status":"closed","sticky":false,"template":"","format":"standard","meta":{"footnotes":""},"categories":[64,24],"tags":[416,98],"class_list":["post-3370","post","type-post","status-publish","format-standard","hentry","category-architecture","category-monuments","tag-frankfurt-am-main-hbf","tag-gare"],"_links":{"self":[{"href":"https:\/\/jlggb.net\/blog3\/index.php?rest_route=\/wp\/v2\/posts\/3370","targetHints":{"allow":["GET"]}}],"collection":[{"href":"https:\/\/jlggb.net\/blog3\/index.php?rest_route=\/wp\/v2\/posts"}],"about":[{"href":"https:\/\/jlggb.net\/blog3\/index.php?rest_route=\/wp\/v2\/types\/post"}],"author":[{"embeddable":true,"href":"https:\/\/jlggb.net\/blog3\/index.php?rest_route=\/wp\/v2\/users\/2"}],"replies":[{"embeddable":true,"href":"https:\/\/jlggb.net\/blog3\/index.php?rest_route=%2Fwp%2Fv2%2Fcomments&post=3370"}],"version-history":[{"count":0,"href":"https:\/\/jlggb.net\/blog3\/index.php?rest_route=\/wp\/v2\/posts\/3370\/revisions"}],"wp:attachment":[{"href":"https:\/\/jlggb.net\/blog3\/index.php?rest_route=%2Fwp%2Fv2%2Fmedia&parent=3370"}],"wp:term":[{"taxonomy":"category","embeddable":true,"href":"https:\/\/jlggb.net\/blog3\/index.php?rest_route=%2Fwp%2Fv2%2Fcategories&post=3370"},{"taxonomy":"post_tag","embeddable":true,"href":"https:\/\/jlggb.net\/blog3\/index.php?rest_route=%2Fwp%2Fv2%2Ftags&post=3370"}],"curies":[{"name":"wp","href":"https:\/\/api.w.org\/{rel}","templated":true}]}}