{"id":3321,"date":"2012-08-12T16:00:29","date_gmt":"2012-08-12T14:00:29","guid":{"rendered":"http:\/\/jlggb.net\/blog3\/?p=3321"},"modified":"2014-02-23T19:28:39","modified_gmt":"2014-02-23T18:28:39","slug":"de-la-bibliotheque-atlas-de-gerhard-richter","status":"publish","type":"post","link":"https:\/\/jlggb.net\/blog3\/?p=3321","title":{"rendered":"De la biblioth\u00e8que : Atlas de Gerhard Richter"},"content":{"rendered":"<p><a href=\"https:\/\/jlggb.net\/blog3\/wp-content\/uploads\/2012\/08\/richter-atlas-1.jpg\" data-rel=\"lightbox-image-0\" data-imagelightbox=\"0\" data-rl_title=\"\" data-rl_caption=\"\"><img loading=\"lazy\" decoding=\"async\" class=\"alignnone size-full wp-image-3326\" title=\"\" alt=\"\" src=\"https:\/\/jlggb.net\/blog3\/wp-content\/uploads\/2012\/08\/richter-atlas-1.jpg\" width=\"640\" height=\"480\" srcset=\"https:\/\/jlggb.net\/blog3\/wp-content\/uploads\/2012\/08\/richter-atlas-1.jpg 1600w, https:\/\/jlggb.net\/blog3\/wp-content\/uploads\/2012\/08\/richter-atlas-1-300x225.jpg 300w, https:\/\/jlggb.net\/blog3\/wp-content\/uploads\/2012\/08\/richter-atlas-1-1024x768.jpg 1024w, https:\/\/jlggb.net\/blog3\/wp-content\/uploads\/2012\/08\/richter-atlas-1-150x112.jpg 150w\" sizes=\"auto, (max-width: 640px) 100vw, 640px\" \/><\/a><br \/>\n<a href=\"https:\/\/jlggb.net\/blog3\/wp-content\/uploads\/2012\/08\/richter-atlas-2.jpg\" data-rel=\"lightbox-image-1\" data-imagelightbox=\"1\" data-rl_title=\"\" data-rl_caption=\"\"><img loading=\"lazy\" decoding=\"async\" class=\"alignnone size-full wp-image-3325\" title=\"\" alt=\"\" src=\"https:\/\/jlggb.net\/blog3\/wp-content\/uploads\/2012\/08\/richter-atlas-2.jpg\" width=\"640\" height=\"480\" srcset=\"https:\/\/jlggb.net\/blog3\/wp-content\/uploads\/2012\/08\/richter-atlas-2.jpg 1600w, https:\/\/jlggb.net\/blog3\/wp-content\/uploads\/2012\/08\/richter-atlas-2-300x225.jpg 300w, https:\/\/jlggb.net\/blog3\/wp-content\/uploads\/2012\/08\/richter-atlas-2-1024x768.jpg 1024w, https:\/\/jlggb.net\/blog3\/wp-content\/uploads\/2012\/08\/richter-atlas-2-150x112.jpg 150w\" sizes=\"auto, (max-width: 640px) 100vw, 640px\" \/><\/a><br \/>\nDimanche 12 ao\u00fbt 2012, 16h. Peut-\u00eatre le plus beau livre de la biblioth\u00e8que&nbsp;: <em>Gerhard Richter, Atlas der Fotos, Collagen und Skizzen<\/em>, Lenbachhaus, M\u00fcnchen, Oktagon Verlag, K\u00f6ln, 1997, d&rsquo;apr\u00e8s l&rsquo;exposition de la St\u00e4dtischen Galerie im Lenbachhaus, M\u00fcnich, du 8 avril au 21 juin 1998, 240 x 335 mm, 390 pages. Cette \u00e9dition \u00ab\u00a0rarissime\u00a0\u00bb se termine avec la planche 633. La version en ligne, sur le site de Gerhard Richter, finit avec la planche 783. La version livre actuelle, <a href=\"http:\/\/www.gerhard-richter.com\/literature\/detail.php?125\" target=\"_blank\">Thames &amp; Hudson, London, 2006<\/a>, comporte 864 pages. Il \u00e9tait dans la logique de la d\u00e9marche de Richter que de <a href=\"http:\/\/www.gerhard-richter.com\/art\/atlas\/\" target=\"_blank\">mettre en ligne son Atlas<\/a>. Si le livre est une \u0153uvre \u00e0 part enti\u00e8re, le site lui-m\u00eame constitue une \u0153uvre sans \u00e9quivalent. Il y a aussi, dans la biblioth\u00e8que, la version pr\u00e9c\u00e9dente, de 1989, 234 pages. Le lutrin en m\u00e9tal laqu\u00e9 noir est d&rsquo;Achille Castiglioni (1918-2002), \u00e9dit\u00e9 par Zanotta (1975).<\/p>\n<blockquote><p><a href=\"http:\/\/www.gerhard-richter.com\" target=\"_blank\"><img loading=\"lazy\" decoding=\"async\" class=\"alignnone  wp-image-3331\" title=\"richter-site\" alt=\"\" src=\"https:\/\/jlggb.net\/blog3\/wp-content\/uploads\/2012\/08\/richter-site.jpg\" width=\"512\" height=\"291\" \/><\/a><br \/>\n\u00c0 voir absolument, le site \u00ab officiel \u00bb de Gerhard Richter&nbsp;: <a href=\"http:\/\/www.gerhard-richter.com\" target=\"_blank\">http:\/\/www.gerhard-richter.com<\/a><\/p><\/blockquote>\n","protected":false},"excerpt":{"rendered":"<p>Dimanche 12 ao\u00fbt 2012, 16h. Peut-\u00eatre le plus beau livre de la biblioth\u00e8que&nbsp;: Gerhard Richter, Atlas der Fotos, Collagen und Skizzen, Lenbachhaus, M\u00fcnchen, Oktagon Verlag, K\u00f6ln, 1997, d&rsquo;apr\u00e8s l&rsquo;exposition de la St\u00e4dtischen Galerie im Lenbachhaus, M\u00fcnich, du 8 avril au 21 juin 1998, 240 x 335 mm, 390 pages. Cette \u00e9dition \u00ab\u00a0rarissime\u00a0\u00bb se termine avec &hellip; <a href=\"https:\/\/jlggb.net\/blog3\/?p=3321\" class=\"more-link\">Continuer la lecture de <span class=\"screen-reader-text\">De la biblioth\u00e8que : Atlas de Gerhard Richter<\/span><\/a><\/p>\n","protected":false},"author":2,"featured_media":0,"comment_status":"closed","ping_status":"open","sticky":false,"template":"","format":"standard","meta":{"footnotes":""},"categories":[7,605,138,16],"tags":[369,406],"class_list":["post-3321","post","type-post","status-publish","format-standard","hentry","category-arts","category-ciels","category-de-la-bibliotheque","category-livres","tag-gerhard-richter","tag-site-internet"],"_links":{"self":[{"href":"https:\/\/jlggb.net\/blog3\/index.php?rest_route=\/wp\/v2\/posts\/3321","targetHints":{"allow":["GET"]}}],"collection":[{"href":"https:\/\/jlggb.net\/blog3\/index.php?rest_route=\/wp\/v2\/posts"}],"about":[{"href":"https:\/\/jlggb.net\/blog3\/index.php?rest_route=\/wp\/v2\/types\/post"}],"author":[{"embeddable":true,"href":"https:\/\/jlggb.net\/blog3\/index.php?rest_route=\/wp\/v2\/users\/2"}],"replies":[{"embeddable":true,"href":"https:\/\/jlggb.net\/blog3\/index.php?rest_route=%2Fwp%2Fv2%2Fcomments&post=3321"}],"version-history":[{"count":0,"href":"https:\/\/jlggb.net\/blog3\/index.php?rest_route=\/wp\/v2\/posts\/3321\/revisions"}],"wp:attachment":[{"href":"https:\/\/jlggb.net\/blog3\/index.php?rest_route=%2Fwp%2Fv2%2Fmedia&parent=3321"}],"wp:term":[{"taxonomy":"category","embeddable":true,"href":"https:\/\/jlggb.net\/blog3\/index.php?rest_route=%2Fwp%2Fv2%2Fcategories&post=3321"},{"taxonomy":"post_tag","embeddable":true,"href":"https:\/\/jlggb.net\/blog3\/index.php?rest_route=%2Fwp%2Fv2%2Ftags&post=3321"}],"curies":[{"name":"wp","href":"https:\/\/api.w.org\/{rel}","templated":true}]}}