{"id":3232,"date":"2012-07-29T17:00:29","date_gmt":"2012-07-29T15:00:29","guid":{"rendered":"http:\/\/jlggb.net\/blog3\/?p=3232"},"modified":"2014-02-23T19:27:11","modified_gmt":"2014-02-23T18:27:11","slug":"alvar-aalto-la-maison-louis-carre","status":"publish","type":"post","link":"https:\/\/jlggb.net\/blog3\/?p=3232","title":{"rendered":"Alvar Aalto : la maison Louis Carr\u00e9"},"content":{"rendered":"<p><a href=\"https:\/\/jlggb.net\/blog3\/wp-content\/uploads\/2012\/08\/aalc-vue.jpg\" data-rel=\"lightbox-image-0\" data-imagelightbox=\"0\" data-rl_title=\"\" data-rl_caption=\"\"><img loading=\"lazy\" decoding=\"async\" class=\"alignnone size-full wp-image-3236\" title=\"\" src=\"https:\/\/jlggb.net\/blog3\/wp-content\/uploads\/2012\/08\/aalc-vue.jpg\" alt=\"\" width=\"640\" height=\"480\" srcset=\"https:\/\/jlggb.net\/blog3\/wp-content\/uploads\/2012\/08\/aalc-vue.jpg 1600w, https:\/\/jlggb.net\/blog3\/wp-content\/uploads\/2012\/08\/aalc-vue-300x225.jpg 300w, https:\/\/jlggb.net\/blog3\/wp-content\/uploads\/2012\/08\/aalc-vue-1024x768.jpg 1024w, https:\/\/jlggb.net\/blog3\/wp-content\/uploads\/2012\/08\/aalc-vue-150x112.jpg 150w\" sizes=\"auto, (max-width: 640px) 100vw, 640px\" \/><\/a><br \/>\n<a href=\"https:\/\/jlggb.net\/blog3\/wp-content\/uploads\/2012\/08\/aalc-luminaire-exterieur.jpg\" data-rel=\"lightbox-image-1\" data-imagelightbox=\"1\" data-rl_title=\"\" data-rl_caption=\"\"><img loading=\"lazy\" decoding=\"async\" class=\"alignnone size-full wp-image-3238\" title=\"\" src=\"https:\/\/jlggb.net\/blog3\/wp-content\/uploads\/2012\/08\/aalc-luminaire-exterieur.jpg\" alt=\"\" width=\"640\" height=\"480\" srcset=\"https:\/\/jlggb.net\/blog3\/wp-content\/uploads\/2012\/08\/aalc-luminaire-exterieur.jpg 1600w, https:\/\/jlggb.net\/blog3\/wp-content\/uploads\/2012\/08\/aalc-luminaire-exterieur-300x225.jpg 300w, https:\/\/jlggb.net\/blog3\/wp-content\/uploads\/2012\/08\/aalc-luminaire-exterieur-1024x768.jpg 1024w, https:\/\/jlggb.net\/blog3\/wp-content\/uploads\/2012\/08\/aalc-luminaire-exterieur-150x112.jpg 150w\" sizes=\"auto, (max-width: 640px) 100vw, 640px\" \/><\/a><br \/>\n<a href=\"https:\/\/jlggb.net\/blog3\/wp-content\/uploads\/2012\/08\/aalc-plafond.jpg\" data-rel=\"lightbox-image-2\" data-imagelightbox=\"2\" data-rl_title=\"\" data-rl_caption=\"\"><img loading=\"lazy\" decoding=\"async\" class=\"alignnone size-full wp-image-3235\" title=\"\" src=\"https:\/\/jlggb.net\/blog3\/wp-content\/uploads\/2012\/08\/aalc-plafond.jpg\" alt=\"\" width=\"640\" height=\"480\" srcset=\"https:\/\/jlggb.net\/blog3\/wp-content\/uploads\/2012\/08\/aalc-plafond.jpg 1600w, https:\/\/jlggb.net\/blog3\/wp-content\/uploads\/2012\/08\/aalc-plafond-300x225.jpg 300w, https:\/\/jlggb.net\/blog3\/wp-content\/uploads\/2012\/08\/aalc-plafond-1024x768.jpg 1024w, https:\/\/jlggb.net\/blog3\/wp-content\/uploads\/2012\/08\/aalc-plafond-150x112.jpg 150w\" sizes=\"auto, (max-width: 640px) 100vw, 640px\" \/><\/a><br \/>\n<a href=\"https:\/\/jlggb.net\/blog3\/wp-content\/uploads\/2012\/08\/aalc-luminaire-triple.jpg\" data-rel=\"lightbox-image-3\" data-imagelightbox=\"3\" data-rl_title=\"\" data-rl_caption=\"\"><img loading=\"lazy\" decoding=\"async\" class=\"alignnone size-full wp-image-3233\" title=\"\" src=\"https:\/\/jlggb.net\/blog3\/wp-content\/uploads\/2012\/08\/aalc-luminaire-triple.jpg\" alt=\"\" width=\"640\" height=\"480\" srcset=\"https:\/\/jlggb.net\/blog3\/wp-content\/uploads\/2012\/08\/aalc-luminaire-triple.jpg 1600w, https:\/\/jlggb.net\/blog3\/wp-content\/uploads\/2012\/08\/aalc-luminaire-triple-300x225.jpg 300w, https:\/\/jlggb.net\/blog3\/wp-content\/uploads\/2012\/08\/aalc-luminaire-triple-1024x768.jpg 1024w, https:\/\/jlggb.net\/blog3\/wp-content\/uploads\/2012\/08\/aalc-luminaire-triple-150x112.jpg 150w\" sizes=\"auto, (max-width: 640px) 100vw, 640px\" \/><\/a><br \/>\n<a href=\"https:\/\/jlggb.net\/blog3\/wp-content\/uploads\/2012\/08\/aalc-salon.jpg\" data-rel=\"lightbox-image-4\" data-imagelightbox=\"4\" data-rl_title=\"\" data-rl_caption=\"\"><img loading=\"lazy\" decoding=\"async\" class=\"alignnone size-full wp-image-3234\" title=\"\" src=\"https:\/\/jlggb.net\/blog3\/wp-content\/uploads\/2012\/08\/aalc-salon.jpg\" alt=\"\" width=\"640\" height=\"480\" srcset=\"https:\/\/jlggb.net\/blog3\/wp-content\/uploads\/2012\/08\/aalc-salon.jpg 1600w, https:\/\/jlggb.net\/blog3\/wp-content\/uploads\/2012\/08\/aalc-salon-300x225.jpg 300w, https:\/\/jlggb.net\/blog3\/wp-content\/uploads\/2012\/08\/aalc-salon-1024x768.jpg 1024w, https:\/\/jlggb.net\/blog3\/wp-content\/uploads\/2012\/08\/aalc-salon-150x112.jpg 150w\" sizes=\"auto, (max-width: 640px) 100vw, 640px\" \/><\/a><br \/>\n<a href=\"https:\/\/jlggb.net\/blog3\/wp-content\/uploads\/2012\/08\/aalc-luminaires.jpg\" data-rel=\"lightbox-image-5\" data-imagelightbox=\"5\" data-rl_title=\"\" data-rl_caption=\"\"><img loading=\"lazy\" decoding=\"async\" class=\"alignnone size-full wp-image-3243\" title=\"\" src=\"https:\/\/jlggb.net\/blog3\/wp-content\/uploads\/2012\/08\/aalc-luminaires.jpg\" alt=\"\" width=\"640\" height=\"480\" srcset=\"https:\/\/jlggb.net\/blog3\/wp-content\/uploads\/2012\/08\/aalc-luminaires.jpg 1600w, https:\/\/jlggb.net\/blog3\/wp-content\/uploads\/2012\/08\/aalc-luminaires-300x225.jpg 300w, https:\/\/jlggb.net\/blog3\/wp-content\/uploads\/2012\/08\/aalc-luminaires-1024x768.jpg 1024w, https:\/\/jlggb.net\/blog3\/wp-content\/uploads\/2012\/08\/aalc-luminaires-150x112.jpg 150w\" sizes=\"auto, (max-width: 640px) 100vw, 640px\" \/><\/a><br \/>\n<a href=\"https:\/\/jlggb.net\/blog3\/wp-content\/uploads\/2012\/08\/aalc-lampadaire.jpg\" data-rel=\"lightbox-image-6\" data-imagelightbox=\"6\" data-rl_title=\"\" data-rl_caption=\"\"><img loading=\"lazy\" decoding=\"async\" class=\"alignnone size-full wp-image-3237\" title=\"\" src=\"https:\/\/jlggb.net\/blog3\/wp-content\/uploads\/2012\/08\/aalc-lampadaire.jpg\" alt=\"\" width=\"640\" height=\"480\" srcset=\"https:\/\/jlggb.net\/blog3\/wp-content\/uploads\/2012\/08\/aalc-lampadaire.jpg 1600w, https:\/\/jlggb.net\/blog3\/wp-content\/uploads\/2012\/08\/aalc-lampadaire-300x225.jpg 300w, https:\/\/jlggb.net\/blog3\/wp-content\/uploads\/2012\/08\/aalc-lampadaire-1024x768.jpg 1024w, https:\/\/jlggb.net\/blog3\/wp-content\/uploads\/2012\/08\/aalc-lampadaire-150x112.jpg 150w\" sizes=\"auto, (max-width: 640px) 100vw, 640px\" \/><\/a><br \/>\nDimanche 29 juillet 2012, 15h-17h. Visite de la maison Louis Carr\u00e9, construite par Alvar Aalto \u00e0 Bazoches-sur-Guyonne, Yvelines, en 1959. Le guide met beaucoup l&rsquo;accent sur le luxe des mat\u00e9riaux et des objets, sur le style bourgeois du propri\u00e9taire, Louis Carr\u00e9 (1897-1977), marchand d&rsquo;art \u00e0 Paris, dont on apprend aussi qu&rsquo;auparavant il habitait l&rsquo;immeuble Le Corbusier de la rue Nungesser et Coli. Alvar Aalto (1898-1976) a construit beaucoup d&rsquo;\u00e9tablissements collectifs et publics et l&rsquo;on peut constater qu&rsquo;il voit dans la commande d&rsquo;un client fortun\u00e9, comme l&rsquo;avait fait Le Corbusier, l&rsquo;occasion d&rsquo;une \u0153uvre totale. Finalement, on s&rsquo;int\u00e9ressera d&rsquo;abord \u00e0 divers types de luminaires, notamment ceux destin\u00e9s \u00e0 \u00e9clairer les tableaux (aujourd&rsquo;hui dispers\u00e9s).<\/p>\n","protected":false},"excerpt":{"rendered":"<p>Dimanche 29 juillet 2012, 15h-17h. Visite de la maison Louis Carr\u00e9, construite par Alvar Aalto \u00e0 Bazoches-sur-Guyonne, Yvelines, en 1959. Le guide met beaucoup l&rsquo;accent sur le luxe des mat\u00e9riaux et des objets, sur le style bourgeois du propri\u00e9taire, Louis Carr\u00e9 (1897-1977), marchand d&rsquo;art \u00e0 Paris, dont on apprend aussi qu&rsquo;auparavant il habitait l&rsquo;immeuble Le &hellip; <a href=\"https:\/\/jlggb.net\/blog3\/?p=3232\" class=\"more-link\">Continuer la lecture de <span class=\"screen-reader-text\">Alvar Aalto : la maison Louis Carr\u00e9<\/span><\/a><\/p>\n","protected":false},"author":2,"featured_media":0,"comment_status":"closed","ping_status":"closed","sticky":false,"template":"","format":"standard","meta":{"footnotes":""},"categories":[64,43,24,44],"tags":[400],"class_list":["post-3232","post","type-post","status-publish","format-standard","hentry","category-architecture","category-design","category-monuments","category-objets","tag-alvar-aalto"],"_links":{"self":[{"href":"https:\/\/jlggb.net\/blog3\/index.php?rest_route=\/wp\/v2\/posts\/3232","targetHints":{"allow":["GET"]}}],"collection":[{"href":"https:\/\/jlggb.net\/blog3\/index.php?rest_route=\/wp\/v2\/posts"}],"about":[{"href":"https:\/\/jlggb.net\/blog3\/index.php?rest_route=\/wp\/v2\/types\/post"}],"author":[{"embeddable":true,"href":"https:\/\/jlggb.net\/blog3\/index.php?rest_route=\/wp\/v2\/users\/2"}],"replies":[{"embeddable":true,"href":"https:\/\/jlggb.net\/blog3\/index.php?rest_route=%2Fwp%2Fv2%2Fcomments&post=3232"}],"version-history":[{"count":0,"href":"https:\/\/jlggb.net\/blog3\/index.php?rest_route=\/wp\/v2\/posts\/3232\/revisions"}],"wp:attachment":[{"href":"https:\/\/jlggb.net\/blog3\/index.php?rest_route=%2Fwp%2Fv2%2Fmedia&parent=3232"}],"wp:term":[{"taxonomy":"category","embeddable":true,"href":"https:\/\/jlggb.net\/blog3\/index.php?rest_route=%2Fwp%2Fv2%2Fcategories&post=3232"},{"taxonomy":"post_tag","embeddable":true,"href":"https:\/\/jlggb.net\/blog3\/index.php?rest_route=%2Fwp%2Fv2%2Ftags&post=3232"}],"curies":[{"name":"wp","href":"https:\/\/api.w.org\/{rel}","templated":true}]}}