{"id":3126,"date":"2012-07-23T16:30:35","date_gmt":"2012-07-23T14:30:35","guid":{"rendered":"http:\/\/jlggb.net\/blog3\/?p=3126"},"modified":"2014-02-23T19:25:43","modified_gmt":"2014-02-23T18:25:43","slug":"la-facade-du-15-rue-malebranche","status":"publish","type":"post","link":"https:\/\/jlggb.net\/blog3\/?p=3126","title":{"rendered":"La fa\u00e7ade du 15 rue Malebranche"},"content":{"rendered":"<p><a href=\"https:\/\/jlggb.net\/blog3\/wp-content\/uploads\/2012\/07\/malebranche-feu.jpg\" data-rel=\"lightbox-image-0\" data-imagelightbox=\"0\" data-rl_title=\"\" data-rl_caption=\"\"><img loading=\"lazy\" decoding=\"async\" class=\"alignnone size-full wp-image-3127\" title=\"\" src=\"https:\/\/jlggb.net\/blog3\/wp-content\/uploads\/2012\/07\/malebranche-feu.jpg\" alt=\"\" width=\"640\" height=\"480\" srcset=\"https:\/\/jlggb.net\/blog3\/wp-content\/uploads\/2012\/07\/malebranche-feu.jpg 1600w, https:\/\/jlggb.net\/blog3\/wp-content\/uploads\/2012\/07\/malebranche-feu-300x225.jpg 300w, https:\/\/jlggb.net\/blog3\/wp-content\/uploads\/2012\/07\/malebranche-feu-1024x768.jpg 1024w, https:\/\/jlggb.net\/blog3\/wp-content\/uploads\/2012\/07\/malebranche-feu-150x112.jpg 150w\" sizes=\"auto, (max-width: 640px) 100vw, 640px\" \/><\/a><br \/>\nLundi 23 juillet 2012, 16h30. En plein c\u0153ur du Quartier latin, au num\u00e9ro 15 de la rue Malebranche, Paris 5e\u00a0 (non loin de la Sorbonne o\u00f9\u00a0Malebranche \u00e9tudia la\u00a0th\u00e9ologie&nbsp;: \u00ab\u00a0L&rsquo;homme n&rsquo;est pas \u00e0 lui-m\u00eame sa propre lumi\u00e8re. \u00bb), la fa\u00e7ade est br\u00fbl\u00e9e (parce qu&rsquo;il y a en dessous un emplacement o\u00f9 l&rsquo;on gare les scooters et que l&rsquo;on met le feu \u00e0 ces scooters). C&rsquo;est aussi le si\u00e8ge de CNRS \u00c9ditions.<\/p>\n","protected":false},"excerpt":{"rendered":"<p>Lundi 23 juillet 2012, 16h30. En plein c\u0153ur du Quartier latin, au num\u00e9ro 15 de la rue Malebranche, Paris 5e\u00a0 (non loin de la Sorbonne o\u00f9\u00a0Malebranche \u00e9tudia la\u00a0th\u00e9ologie&nbsp;: \u00ab\u00a0L&rsquo;homme n&rsquo;est pas \u00e0 lui-m\u00eame sa propre lumi\u00e8re. \u00bb), la fa\u00e7ade est br\u00fbl\u00e9e (parce qu&rsquo;il y a en dessous un emplacement o\u00f9 l&rsquo;on gare les scooters et &hellip; <a href=\"https:\/\/jlggb.net\/blog3\/?p=3126\" class=\"more-link\">Continuer la lecture de <span class=\"screen-reader-text\">La fa\u00e7ade du 15 rue Malebranche<\/span><\/a><\/p>\n","protected":false},"author":2,"featured_media":0,"comment_status":"closed","ping_status":"closed","sticky":false,"template":"","format":"standard","meta":{"footnotes":""},"categories":[170,24],"tags":[390,389],"class_list":["post-3126","post","type-post","status-publish","format-standard","hentry","category-histoire","category-monuments","tag-feu","tag-malebranche"],"_links":{"self":[{"href":"https:\/\/jlggb.net\/blog3\/index.php?rest_route=\/wp\/v2\/posts\/3126","targetHints":{"allow":["GET"]}}],"collection":[{"href":"https:\/\/jlggb.net\/blog3\/index.php?rest_route=\/wp\/v2\/posts"}],"about":[{"href":"https:\/\/jlggb.net\/blog3\/index.php?rest_route=\/wp\/v2\/types\/post"}],"author":[{"embeddable":true,"href":"https:\/\/jlggb.net\/blog3\/index.php?rest_route=\/wp\/v2\/users\/2"}],"replies":[{"embeddable":true,"href":"https:\/\/jlggb.net\/blog3\/index.php?rest_route=%2Fwp%2Fv2%2Fcomments&post=3126"}],"version-history":[{"count":0,"href":"https:\/\/jlggb.net\/blog3\/index.php?rest_route=\/wp\/v2\/posts\/3126\/revisions"}],"wp:attachment":[{"href":"https:\/\/jlggb.net\/blog3\/index.php?rest_route=%2Fwp%2Fv2%2Fmedia&parent=3126"}],"wp:term":[{"taxonomy":"category","embeddable":true,"href":"https:\/\/jlggb.net\/blog3\/index.php?rest_route=%2Fwp%2Fv2%2Fcategories&post=3126"},{"taxonomy":"post_tag","embeddable":true,"href":"https:\/\/jlggb.net\/blog3\/index.php?rest_route=%2Fwp%2Fv2%2Ftags&post=3126"}],"curies":[{"name":"wp","href":"https:\/\/api.w.org\/{rel}","templated":true}]}}