{"id":3111,"date":"2012-07-22T18:00:04","date_gmt":"2012-07-22T16:00:04","guid":{"rendered":"http:\/\/jlggb.net\/blog3\/?p=3111"},"modified":"2014-02-23T19:25:26","modified_gmt":"2014-02-23T18:25:26","slug":"de-la-bibliotheque-ein-maler-aus-deutschland-gerhard-richter-das-drama-einer-familie","status":"publish","type":"post","link":"https:\/\/jlggb.net\/blog3\/?p=3111","title":{"rendered":"De la biblioth\u00e8que : Ein Maler aus Deutschland. Gerhard Richter. Das Drama einer Familie"},"content":{"rendered":"<p><a href=\"https:\/\/jlggb.net\/blog3\/wp-content\/uploads\/2012\/07\/schreiber-richter.jpg\" data-rel=\"lightbox-image-0\" data-imagelightbox=\"0\" data-rl_title=\"\" data-rl_caption=\"\"><img loading=\"lazy\" decoding=\"async\" class=\"alignnone size-full wp-image-3115\" title=\"\" src=\"https:\/\/jlggb.net\/blog3\/wp-content\/uploads\/2012\/07\/schreiber-richter.jpg\" alt=\"\" width=\"640\" height=\"480\" srcset=\"https:\/\/jlggb.net\/blog3\/wp-content\/uploads\/2012\/07\/schreiber-richter.jpg 1280w, https:\/\/jlggb.net\/blog3\/wp-content\/uploads\/2012\/07\/schreiber-richter-300x225.jpg 300w, https:\/\/jlggb.net\/blog3\/wp-content\/uploads\/2012\/07\/schreiber-richter-1024x768.jpg 1024w, https:\/\/jlggb.net\/blog3\/wp-content\/uploads\/2012\/07\/schreiber-richter-150x112.jpg 150w\" sizes=\"auto, (max-width: 640px) 100vw, 640px\" \/><\/a><br \/>\nDimanche 22 juillet 2012, 18h. Il fait beau, on aurait pu sortir ou regarder l&rsquo;arriv\u00e9e du Tour de France \u00e0 la t\u00e9l\u00e9vision. Mais j&rsquo;ai achev\u00e9 la lecture d&rsquo;un livre terrifiant et fascinant&nbsp;: <a href=\"http:\/\/www.lespressesdureel.com\/ouvrage.php?id=2409\" target=\"_blank\"><em>Richter, peintre d\u2019Allemagne \u2013 Le drame d\u2019une famille<\/em>, de J\u00fcrgen Schreiber, aux Presses du r\u00e9el<\/a>, traduit par Mariette Althaus, 2012, publi\u00e9 en allemand en 2005, \u00a0<em>Ein Maler aus Deutschland. Gerhard Richter. Das Drama einer Familie<\/em>, Munich, Pendo-Verlag. Cette enqu\u00eate obstin\u00e9e, aux enchev\u00eatrements historiques et personnels inconcevables, tourne autour du tableau de Gerhard Richter, <em>Tante Marianne<\/em>, 1965. Disons simplement qu&rsquo;on y apprend, comme le peintre lui-m\u00eame tardivement, comment la tante du peintre, que l&rsquo;on voit \u00e0 l&rsquo;\u00e2ge de 14 ans tenant son neveu de quelques mois, en 1932, a \u00e9t\u00e9 diagnostiqu\u00e9e \u00ab 14 \u00bb par la m\u00e9decine nazie, comment elle a \u00e9t\u00e9 st\u00e9rilis\u00e9e, puis euthanasi\u00e9e en 1945, par le chirurgien et gyn\u00e9cologue, haut grad\u00e9 SS, qui deviendra le beau-p\u00e8re de Richter (le nu qui descend un escalier est sa fille, la jolie petite Betty est sa petite-fille). Au sortir de ce livre, on ne peut plus suivre ceux qui pr\u00e9tendent ignorer la biographie pour comprendre l&rsquo;\u0153uvre. Richter dit&nbsp;: \u00ab Mes tableaux sont plus intelligents que moi. \u00bb (p. 228).<br \/>\n<span style=\"color: #ffffff;\">&#8211;<\/span><br \/>\n<a href=\"https:\/\/jlggb.net\/blog3\/wp-content\/uploads\/2012\/07\/tante-marianne.jpg\" data-rel=\"lightbox-image-1\" data-imagelightbox=\"1\" data-rl_title=\"\" data-rl_caption=\"\"><img loading=\"lazy\" decoding=\"async\" class=\"alignnone size-full wp-image-3117\" title=\"\" src=\"https:\/\/jlggb.net\/blog3\/wp-content\/uploads\/2012\/07\/tante-marianne.jpg\" alt=\"\" width=\"640\" height=\"480\" srcset=\"https:\/\/jlggb.net\/blog3\/wp-content\/uploads\/2012\/07\/tante-marianne.jpg 1280w, https:\/\/jlggb.net\/blog3\/wp-content\/uploads\/2012\/07\/tante-marianne-300x225.jpg 300w, https:\/\/jlggb.net\/blog3\/wp-content\/uploads\/2012\/07\/tante-marianne-1024x768.jpg 1024w, https:\/\/jlggb.net\/blog3\/wp-content\/uploads\/2012\/07\/tante-marianne-150x112.jpg 150w\" sizes=\"auto, (max-width: 640px) 100vw, 640px\" \/><\/a><br \/>\nGerhard Richter, <em>Aunt Marianne<\/em>, 1965, huile sur toile, photographi\u00e9e le dimanche 8 juillet dans l&rsquo;exposition <em>Gerhard Richter, Panorama<\/em> au Centre Pompidou.<\/p>\n","protected":false},"excerpt":{"rendered":"<p>Dimanche 22 juillet 2012, 18h. Il fait beau, on aurait pu sortir ou regarder l&rsquo;arriv\u00e9e du Tour de France \u00e0 la t\u00e9l\u00e9vision. Mais j&rsquo;ai achev\u00e9 la lecture d&rsquo;un livre terrifiant et fascinant&nbsp;: Richter, peintre d\u2019Allemagne \u2013 Le drame d\u2019une famille, de J\u00fcrgen Schreiber, aux Presses du r\u00e9el, traduit par Mariette Althaus, 2012, publi\u00e9 en allemand &hellip; <a href=\"https:\/\/jlggb.net\/blog3\/?p=3111\" class=\"more-link\">Continuer la lecture de <span class=\"screen-reader-text\">De la biblioth\u00e8que : Ein Maler aus Deutschland. Gerhard Richter. Das Drama einer Familie<\/span><\/a><\/p>\n","protected":false},"author":2,"featured_media":0,"comment_status":"closed","ping_status":"closed","sticky":false,"template":"","format":"standard","meta":{"footnotes":""},"categories":[7,138],"tags":[369],"class_list":["post-3111","post","type-post","status-publish","format-standard","hentry","category-arts","category-de-la-bibliotheque","tag-gerhard-richter"],"_links":{"self":[{"href":"https:\/\/jlggb.net\/blog3\/index.php?rest_route=\/wp\/v2\/posts\/3111","targetHints":{"allow":["GET"]}}],"collection":[{"href":"https:\/\/jlggb.net\/blog3\/index.php?rest_route=\/wp\/v2\/posts"}],"about":[{"href":"https:\/\/jlggb.net\/blog3\/index.php?rest_route=\/wp\/v2\/types\/post"}],"author":[{"embeddable":true,"href":"https:\/\/jlggb.net\/blog3\/index.php?rest_route=\/wp\/v2\/users\/2"}],"replies":[{"embeddable":true,"href":"https:\/\/jlggb.net\/blog3\/index.php?rest_route=%2Fwp%2Fv2%2Fcomments&post=3111"}],"version-history":[{"count":0,"href":"https:\/\/jlggb.net\/blog3\/index.php?rest_route=\/wp\/v2\/posts\/3111\/revisions"}],"wp:attachment":[{"href":"https:\/\/jlggb.net\/blog3\/index.php?rest_route=%2Fwp%2Fv2%2Fmedia&parent=3111"}],"wp:term":[{"taxonomy":"category","embeddable":true,"href":"https:\/\/jlggb.net\/blog3\/index.php?rest_route=%2Fwp%2Fv2%2Fcategories&post=3111"},{"taxonomy":"post_tag","embeddable":true,"href":"https:\/\/jlggb.net\/blog3\/index.php?rest_route=%2Fwp%2Fv2%2Ftags&post=3111"}],"curies":[{"name":"wp","href":"https:\/\/api.w.org\/{rel}","templated":true}]}}