{"id":3076,"date":"2012-07-22T12:30:05","date_gmt":"2012-07-22T10:30:05","guid":{"rendered":"http:\/\/jlggb.net\/blog3\/?p=3076"},"modified":"2020-08-21T22:27:07","modified_gmt":"2020-08-21T20:27:07","slug":"rapprochement","status":"publish","type":"post","link":"https:\/\/jlggb.net\/blog3\/?p=3076","title":{"rendered":"Rapprochement"},"content":{"rendered":"<p><a href=\"https:\/\/jlggb.net\/blog3\/wp-content\/uploads\/2012\/07\/richter-annonciation.jpg\" data-rel=\"lightbox-image-0\" data-imagelightbox=\"0\" data-rl_title=\"\" data-rl_caption=\"\"><img loading=\"lazy\" decoding=\"async\" class=\"alignnone size-full wp-image-3077\" title=\"\" src=\"https:\/\/jlggb.net\/blog3\/wp-content\/uploads\/2012\/07\/richter-annonciation.jpg\" alt=\"\" width=\"640\" height=\"480\" \/><\/a><br \/>\nGerhard Richter, <em>Verk\u00fcndigung nach Tizian<\/em> (Annonciation d&rsquo;apr\u00e8s Titien), 1973, huile sur toile de lin, Hirshorn Museum, Washington D.C., photographi\u00e9e le dimanche 8 juillet 2012 dans l&rsquo;exposition <em>Gerhard Richter,<\/em> <em>Panorama <\/em>au Centre Pompidou. La notice dit, qu&rsquo;avec cette \u0153uvre, \u00ab\u00a0l&rsquo;une des rares confrontations avec l&rsquo;art religieux\u00a0\u00bb, \u00ab\u00a0l&rsquo;artiste reconna\u00eet humblement l&rsquo;impossibilit\u00e9 de peindre aujourd&rsquo;hui \u00e0 la mani\u00e8re de Titien.\u00a0\u00bb Je pense qu&rsquo;il faut replacer ce tableau, du fait m\u00eame de sa singularit\u00e9, dans la peinture, \u00e0 la fois d&rsquo;histoire et familiale, de Richter.<br \/>\n<span style=\"color: #ffffff;\">&#8211;<\/span><br \/>\n<a href=\"https:\/\/jlggb.net\/blog3\/wp-content\/uploads\/2012\/07\/manessier-otage.jpg\" data-rel=\"lightbox-image-1\" data-imagelightbox=\"1\" data-rl_title=\"\" data-rl_caption=\"\"><img loading=\"lazy\" decoding=\"async\" class=\"alignnone size-full wp-image-3084\" title=\"\" src=\"https:\/\/jlggb.net\/blog3\/wp-content\/uploads\/2012\/07\/manessier-otage.jpg\" alt=\"\" width=\"640\" height=\"480\" srcset=\"https:\/\/jlggb.net\/blog3\/wp-content\/uploads\/2012\/07\/manessier-otage.jpg 1280w, https:\/\/jlggb.net\/blog3\/wp-content\/uploads\/2012\/07\/manessier-otage-300x225.jpg 300w, https:\/\/jlggb.net\/blog3\/wp-content\/uploads\/2012\/07\/manessier-otage-1024x768.jpg 1024w, https:\/\/jlggb.net\/blog3\/wp-content\/uploads\/2012\/07\/manessier-otage-150x112.jpg 150w\" sizes=\"auto, (max-width: 640px) 100vw, 640px\" \/><\/a><br \/>\nAlfred Manessier, <em>L&rsquo;Otage<\/em>, 1987, huile sur toile, collection particuli\u00e8re, photographi\u00e9e (sans autorisation) au Centre culturel de rencontre de l&rsquo;Abbaye de Saint-Riquier, le jeudi 19 juillet 2012. Dans un texte hommage du catalogue <em>Alfred Manessier. Le tragique et la lumi\u00e8re<\/em>, Jo\u00eblle Brunerie-Kauffmann rapporte comment son p\u00e8re, Pierre Brunerie, a connu Manessier en architecture aux Beaux-Arts de Paris, comment il lui commanda en 1957-1958 des vitraux pour la chapelle Notre-Dame de la Paix au Pouldu, et comment son mari, Jean-Paul Kauffmann, fut soutenu, lors de sa longue d\u00e9tention au Liban, de 1985 \u00e0 1988 \u2014 voir <a href=\"http:\/\/www.ina.fr\/fictions-et-animations\/adaptations-litteraires\/video\/CAC86007159\/affaire-kauffmann.fr.html\" target=\"_blank\" rel=\"noopener\">Ina<\/a> \u2014, par le peintre et \u00e0 travers son tableau&nbsp;: <em>L&rsquo;Otage<\/em>.<br \/>\n<span style=\"color: #ffffff;\">&#8211;<\/span><br \/>\n<a href=\"https:\/\/jlggb.net\/blog3\/wp-content\/uploads\/2012\/07\/Les-Perspecteurs-2004-2010.jpg\" data-rel=\"lightbox-image-2\" data-imagelightbox=\"2\" data-rl_title=\"\" data-rl_caption=\"\"><img loading=\"lazy\" decoding=\"async\" class=\"alignnone size-full wp-image-3305\" title=\"\" src=\"https:\/\/jlggb.net\/blog3\/wp-content\/uploads\/2012\/07\/Les-Perspecteurs-2004-2010.jpg\" alt=\"\" width=\"640\" height=\"480\" srcset=\"https:\/\/jlggb.net\/blog3\/wp-content\/uploads\/2012\/07\/Les-Perspecteurs-2004-2010.jpg 1600w, https:\/\/jlggb.net\/blog3\/wp-content\/uploads\/2012\/07\/Les-Perspecteurs-2004-2010-300x225.jpg 300w, https:\/\/jlggb.net\/blog3\/wp-content\/uploads\/2012\/07\/Les-Perspecteurs-2004-2010-1024x768.jpg 1024w, https:\/\/jlggb.net\/blog3\/wp-content\/uploads\/2012\/07\/Les-Perspecteurs-2004-2010-150x112.jpg 150w\" sizes=\"auto, (max-width: 640px) 100vw, 640px\" \/><\/a><br \/>\nJLB, <em>Les Perspecteurs<\/em>, installation vid\u00e9o interactive, 2004-2010, ici \u00e0 l&rsquo;\u00c9cole sup\u00e9rieure d&rsquo;art du Havre (voir&nbsp;: <a href=\"http:\/\/jlggb.net\/blog2\/?p=1418\" target=\"_blank\" rel=\"noopener\">http:\/\/jlggb.net\/blog2\/?p=1418<\/a>). Si la bande-son \u2014 que le spectateur peut retrouver en agissant, par le truchement du personnage de Marie qui \u00e9coute un iPod \u2014 contient des phrases de Daniel Arasse sur la perspective des Annonciations en peinture, elle cite \u00e9galement Jo\u00eblle Brunerie sur la lutte pour la contraception. Ce choix est aussi un hommage \u00e0 ma propre m\u00e8re, \u00e0 son attitude morale et militante en faveur du planning familial d\u00e8s les ann\u00e9es soixante.<\/p>\n","protected":false},"excerpt":{"rendered":"<p>Gerhard Richter, Verk\u00fcndigung nach Tizian (Annonciation d&rsquo;apr\u00e8s Titien), 1973, huile sur toile de lin, Hirshorn Museum, Washington D.C., photographi\u00e9e le dimanche 8 juillet 2012 dans l&rsquo;exposition Gerhard Richter, Panorama au Centre Pompidou. La notice dit, qu&rsquo;avec cette \u0153uvre, \u00ab\u00a0l&rsquo;une des rares confrontations avec l&rsquo;art religieux\u00a0\u00bb, \u00ab\u00a0l&rsquo;artiste reconna\u00eet humblement l&rsquo;impossibilit\u00e9 de peindre aujourd&rsquo;hui \u00e0 la mani\u00e8re &hellip; <a href=\"https:\/\/jlggb.net\/blog3\/?p=3076\" class=\"more-link\">Continuer la lecture de <span class=\"screen-reader-text\">Rapprochement<\/span><\/a><\/p>\n","protected":false},"author":2,"featured_media":0,"comment_status":"closed","ping_status":"closed","sticky":false,"template":"","format":"standard","meta":{"footnotes":""},"categories":[7,109,24],"tags":[388,369,387],"class_list":["post-3076","post","type-post","status-publish","format-standard","hentry","category-arts","category-coincidence","category-monuments","tag-alfred-manessier","tag-gerhard-richter","tag-religion"],"_links":{"self":[{"href":"https:\/\/jlggb.net\/blog3\/index.php?rest_route=\/wp\/v2\/posts\/3076","targetHints":{"allow":["GET"]}}],"collection":[{"href":"https:\/\/jlggb.net\/blog3\/index.php?rest_route=\/wp\/v2\/posts"}],"about":[{"href":"https:\/\/jlggb.net\/blog3\/index.php?rest_route=\/wp\/v2\/types\/post"}],"author":[{"embeddable":true,"href":"https:\/\/jlggb.net\/blog3\/index.php?rest_route=\/wp\/v2\/users\/2"}],"replies":[{"embeddable":true,"href":"https:\/\/jlggb.net\/blog3\/index.php?rest_route=%2Fwp%2Fv2%2Fcomments&post=3076"}],"version-history":[{"count":0,"href":"https:\/\/jlggb.net\/blog3\/index.php?rest_route=\/wp\/v2\/posts\/3076\/revisions"}],"wp:attachment":[{"href":"https:\/\/jlggb.net\/blog3\/index.php?rest_route=%2Fwp%2Fv2%2Fmedia&parent=3076"}],"wp:term":[{"taxonomy":"category","embeddable":true,"href":"https:\/\/jlggb.net\/blog3\/index.php?rest_route=%2Fwp%2Fv2%2Fcategories&post=3076"},{"taxonomy":"post_tag","embeddable":true,"href":"https:\/\/jlggb.net\/blog3\/index.php?rest_route=%2Fwp%2Fv2%2Ftags&post=3076"}],"curies":[{"name":"wp","href":"https:\/\/api.w.org\/{rel}","templated":true}]}}