{"id":3064,"date":"2012-07-19T12:00:19","date_gmt":"2012-07-19T10:00:19","guid":{"rendered":"http:\/\/jlggb.net\/blog3\/?p=3064"},"modified":"2014-02-23T19:24:45","modified_gmt":"2014-02-23T18:24:45","slug":"altitude-zero-six-secondes","status":"publish","type":"post","link":"https:\/\/jlggb.net\/blog3\/?p=3064","title":{"rendered":"Six secondes \u00e0 l&rsquo;altitude z\u00e9ro"},"content":{"rendered":"<p><a href=\"https:\/\/jlggb.net\/blog3\/wp-content\/uploads\/2012\/07\/horizon-1.jpg\" data-rel=\"lightbox-image-0\" data-imagelightbox=\"0\" data-rl_title=\"\" data-rl_caption=\"\"><img loading=\"lazy\" decoding=\"async\" src=\"https:\/\/jlggb.net\/blog3\/wp-content\/uploads\/2012\/07\/horizon-1.jpg\" alt=\"\" title=\"\" width=\"640\" height=\"480\" class=\"alignnone size-full wp-image-3067\" \/><\/a><br \/>\n<a href=\"https:\/\/jlggb.net\/blog3\/wp-content\/uploads\/2012\/07\/horizon-2.jpg\" data-rel=\"lightbox-image-1\" data-imagelightbox=\"1\" data-rl_title=\"\" data-rl_caption=\"\"><img loading=\"lazy\" decoding=\"async\" src=\"https:\/\/jlggb.net\/blog3\/wp-content\/uploads\/2012\/07\/horizon-2.jpg\" alt=\"\" title=\"\" width=\"640\" height=\"480\" class=\"alignnone size-full wp-image-3066\" \/><\/a><br \/>\n<a href=\"https:\/\/jlggb.net\/blog3\/wp-content\/uploads\/2012\/07\/horizon-3.jpg\" data-rel=\"lightbox-image-2\" data-imagelightbox=\"2\" data-rl_title=\"\" data-rl_caption=\"\"><img loading=\"lazy\" decoding=\"async\" src=\"https:\/\/jlggb.net\/blog3\/wp-content\/uploads\/2012\/07\/horizon-3.jpg\" alt=\"\" title=\"\" width=\"640\" height=\"480\" class=\"alignnone size-full wp-image-3065\" \/><\/a><br \/>\nJeudi 19 juillet 2012, plage de Cayeux, d\u00e9partement de la Somme. clich\u00e9s \u00e0&nbsp;: 12h 38mn 13s; 12h 38mn 16s; 12h 38mn 19s. Pass\u00e9s ici juste avant le rendez-vous o\u00f9 il sera question du projet d&rsquo;exposition \u00ab\u00a0Leurs lumi\u00e8res \u00bb au Centre culturel de rencontres de l&rsquo;Abbaye de Saint-Riquier \u2014 Baie de Somme. Le vent est fort, les vagues sont hautes, la lumi\u00e8re change tr\u00e8s vite.<\/p>\n","protected":false},"excerpt":{"rendered":"<p>Jeudi 19 juillet 2012, plage de Cayeux, d\u00e9partement de la Somme. clich\u00e9s \u00e0&nbsp;: 12h 38mn 13s; 12h 38mn 16s; 12h 38mn 19s. Pass\u00e9s ici juste avant le rendez-vous o\u00f9 il sera question du projet d&rsquo;exposition \u00ab\u00a0Leurs lumi\u00e8res \u00bb au Centre culturel de rencontres de l&rsquo;Abbaye de Saint-Riquier \u2014 Baie de Somme. Le vent est fort, &hellip; <a href=\"https:\/\/jlggb.net\/blog3\/?p=3064\" class=\"more-link\">Continuer la lecture de <span class=\"screen-reader-text\">Six secondes \u00e0 l&rsquo;altitude z\u00e9ro<\/span><\/a><\/p>\n","protected":false},"author":2,"featured_media":0,"comment_status":"closed","ping_status":"closed","sticky":false,"template":"","format":"standard","meta":{"footnotes":""},"categories":[12],"tags":[385,50,384],"class_list":["post-3064","post","type-post","status-publish","format-standard","hentry","category-paysages","tag-cayeux-sur-mer","tag-lumiere","tag-manche"],"_links":{"self":[{"href":"https:\/\/jlggb.net\/blog3\/index.php?rest_route=\/wp\/v2\/posts\/3064","targetHints":{"allow":["GET"]}}],"collection":[{"href":"https:\/\/jlggb.net\/blog3\/index.php?rest_route=\/wp\/v2\/posts"}],"about":[{"href":"https:\/\/jlggb.net\/blog3\/index.php?rest_route=\/wp\/v2\/types\/post"}],"author":[{"embeddable":true,"href":"https:\/\/jlggb.net\/blog3\/index.php?rest_route=\/wp\/v2\/users\/2"}],"replies":[{"embeddable":true,"href":"https:\/\/jlggb.net\/blog3\/index.php?rest_route=%2Fwp%2Fv2%2Fcomments&post=3064"}],"version-history":[{"count":0,"href":"https:\/\/jlggb.net\/blog3\/index.php?rest_route=\/wp\/v2\/posts\/3064\/revisions"}],"wp:attachment":[{"href":"https:\/\/jlggb.net\/blog3\/index.php?rest_route=%2Fwp%2Fv2%2Fmedia&parent=3064"}],"wp:term":[{"taxonomy":"category","embeddable":true,"href":"https:\/\/jlggb.net\/blog3\/index.php?rest_route=%2Fwp%2Fv2%2Fcategories&post=3064"},{"taxonomy":"post_tag","embeddable":true,"href":"https:\/\/jlggb.net\/blog3\/index.php?rest_route=%2Fwp%2Fv2%2Ftags&post=3064"}],"curies":[{"name":"wp","href":"https:\/\/api.w.org\/{rel}","templated":true}]}}