{"id":3044,"date":"2012-07-15T19:00:23","date_gmt":"2012-07-15T17:00:23","guid":{"rendered":"http:\/\/jlggb.net\/blog3\/?p=3044"},"modified":"2014-02-23T19:24:32","modified_gmt":"2014-02-23T18:24:32","slug":"la-justice","status":"publish","type":"post","link":"https:\/\/jlggb.net\/blog3\/?p=3044","title":{"rendered":"La Justice"},"content":{"rendered":"<p><a href=\"https:\/\/jlggb.net\/blog3\/wp-content\/uploads\/2012\/07\/colonne-ledoux.jpg\" data-rel=\"lightbox-image-0\" data-imagelightbox=\"0\" data-rl_title=\"\" data-rl_caption=\"\"><img loading=\"lazy\" decoding=\"async\" class=\"alignnone size-full wp-image-3045\" title=\"\" src=\"https:\/\/jlggb.net\/blog3\/wp-content\/uploads\/2012\/07\/colonne-ledoux.jpg\" alt=\"\" width=\"640\" height=\"640\" srcset=\"https:\/\/jlggb.net\/blog3\/wp-content\/uploads\/2012\/07\/colonne-ledoux.jpg 1280w, https:\/\/jlggb.net\/blog3\/wp-content\/uploads\/2012\/07\/colonne-ledoux-150x150.jpg 150w, https:\/\/jlggb.net\/blog3\/wp-content\/uploads\/2012\/07\/colonne-ledoux-300x300.jpg 300w, https:\/\/jlggb.net\/blog3\/wp-content\/uploads\/2012\/07\/colonne-ledoux-1024x1024.jpg 1024w\" sizes=\"auto, (max-width: 640px) 100vw, 640px\" \/><\/a><br \/>\nDimanche 15 juillet 2012, 18h30. L&rsquo;une des deux colonnes de l&rsquo;enceinte des Fermiers G\u00e9n\u00e9raux, place de la Nation. Celle-ci, au nord-ouest, pr\u00e9sente une all\u00e9gorie de la Justice. On peut rappeler, puisque nous sommes au 14 juillet, que les colonnes admirables de Claude-Nicolas Ledoux, construites en 1797, furent des cibles de la R\u00e9volution. Elles furent d\u00e9natur\u00e9es sous Louis-Philippe, en 1843, par l&rsquo;adjonction de cannelures, des deux statues de rois, et de divers troph\u00e9es. Il reste qu&rsquo;elles ont \u00e9t\u00e9 tr\u00e8s bien restaur\u00e9es (pratiquement reconstruites) r\u00e9cemment et qu&rsquo;elles sont des rep\u00e8res de notre paysage.<\/p>\n<blockquote><p><a href=\"https:\/\/jlggb.net\/blog3\/wp-content\/uploads\/2012\/07\/palaiseau-barriere-de-vincennes-1819.jpg\" data-rel=\"lightbox-image-1\" data-imagelightbox=\"1\" data-rl_title=\"\" data-rl_caption=\"\"><img loading=\"lazy\" decoding=\"async\" class=\"alignnone  wp-image-3052\" title=\"\" src=\"https:\/\/jlggb.net\/blog3\/wp-content\/uploads\/2012\/07\/palaiseau-barriere-de-vincennes-1819.jpg\" alt=\"\" width=\"320\" height=\"239\" srcset=\"https:\/\/jlggb.net\/blog3\/wp-content\/uploads\/2012\/07\/palaiseau-barriere-de-vincennes-1819.jpg 678w, https:\/\/jlggb.net\/blog3\/wp-content\/uploads\/2012\/07\/palaiseau-barriere-de-vincennes-1819-300x223.jpg 300w, https:\/\/jlggb.net\/blog3\/wp-content\/uploads\/2012\/07\/palaiseau-barriere-de-vincennes-1819-150x111.jpg 150w\" sizes=\"auto, (max-width: 320px) 100vw, 320px\" \/><\/a><br \/>\n<em>La Barri\u00e8re de Vincennes<\/em> par Palaiseau, 1819, dessin, gallica.bnf.fr<\/p><\/blockquote>\n<p><a href=\"https:\/\/jlggb.net\/blog3\/wp-content\/uploads\/2012\/07\/colonnes-ledoux-travaux-2010.jpg\" data-rel=\"lightbox-image-2\" data-imagelightbox=\"2\" data-rl_title=\"\" data-rl_caption=\"\"><img loading=\"lazy\" decoding=\"async\" src=\"https:\/\/jlggb.net\/blog3\/wp-content\/uploads\/2012\/07\/colonnes-ledoux-travaux-2010.jpg\" alt=\"\" title=\"\" width=\"640\" height=\"480\" class=\"alignnone size-full wp-image-3071\" srcset=\"https:\/\/jlggb.net\/blog3\/wp-content\/uploads\/2012\/07\/colonnes-ledoux-travaux-2010.jpg 1280w, https:\/\/jlggb.net\/blog3\/wp-content\/uploads\/2012\/07\/colonnes-ledoux-travaux-2010-300x225.jpg 300w, https:\/\/jlggb.net\/blog3\/wp-content\/uploads\/2012\/07\/colonnes-ledoux-travaux-2010-1024x768.jpg 1024w, https:\/\/jlggb.net\/blog3\/wp-content\/uploads\/2012\/07\/colonnes-ledoux-travaux-2010-150x112.jpg 150w\" sizes=\"auto, (max-width: 640px) 100vw, 640px\" \/><\/a><br \/>\nLes colonnes en travaux le 4 janvier 2010.<\/p>\n","protected":false},"excerpt":{"rendered":"<p>Dimanche 15 juillet 2012, 18h30. L&rsquo;une des deux colonnes de l&rsquo;enceinte des Fermiers G\u00e9n\u00e9raux, place de la Nation. Celle-ci, au nord-ouest, pr\u00e9sente une all\u00e9gorie de la Justice. On peut rappeler, puisque nous sommes au 14 juillet, que les colonnes admirables de Claude-Nicolas Ledoux, construites en 1797, furent des cibles de la R\u00e9volution. Elles furent d\u00e9natur\u00e9es &hellip; <a href=\"https:\/\/jlggb.net\/blog3\/?p=3044\" class=\"more-link\">Continuer la lecture de <span class=\"screen-reader-text\">La Justice<\/span><\/a><\/p>\n","protected":false},"author":2,"featured_media":0,"comment_status":"closed","ping_status":"closed","sticky":false,"template":"","format":"standard","meta":{"footnotes":""},"categories":[64,24],"tags":[382,383],"class_list":["post-3044","post","type-post","status-publish","format-standard","hentry","category-architecture","category-monuments","tag-claude-nicolas-ledoux","tag-nation"],"_links":{"self":[{"href":"https:\/\/jlggb.net\/blog3\/index.php?rest_route=\/wp\/v2\/posts\/3044","targetHints":{"allow":["GET"]}}],"collection":[{"href":"https:\/\/jlggb.net\/blog3\/index.php?rest_route=\/wp\/v2\/posts"}],"about":[{"href":"https:\/\/jlggb.net\/blog3\/index.php?rest_route=\/wp\/v2\/types\/post"}],"author":[{"embeddable":true,"href":"https:\/\/jlggb.net\/blog3\/index.php?rest_route=\/wp\/v2\/users\/2"}],"replies":[{"embeddable":true,"href":"https:\/\/jlggb.net\/blog3\/index.php?rest_route=%2Fwp%2Fv2%2Fcomments&post=3044"}],"version-history":[{"count":0,"href":"https:\/\/jlggb.net\/blog3\/index.php?rest_route=\/wp\/v2\/posts\/3044\/revisions"}],"wp:attachment":[{"href":"https:\/\/jlggb.net\/blog3\/index.php?rest_route=%2Fwp%2Fv2%2Fmedia&parent=3044"}],"wp:term":[{"taxonomy":"category","embeddable":true,"href":"https:\/\/jlggb.net\/blog3\/index.php?rest_route=%2Fwp%2Fv2%2Fcategories&post=3044"},{"taxonomy":"post_tag","embeddable":true,"href":"https:\/\/jlggb.net\/blog3\/index.php?rest_route=%2Fwp%2Fv2%2Ftags&post=3044"}],"curies":[{"name":"wp","href":"https:\/\/api.w.org\/{rel}","templated":true}]}}