{"id":3018,"date":"2012-07-13T18:30:59","date_gmt":"2012-07-13T16:30:59","guid":{"rendered":"http:\/\/jlggb.net\/blog3\/?p=3018"},"modified":"2020-08-14T11:53:05","modified_gmt":"2020-08-14T09:53:05","slug":"cinquante-ans-de-tourisme","status":"publish","type":"post","link":"https:\/\/jlggb.net\/blog3\/?p=3018","title":{"rendered":"Cinquante ans de tourisme"},"content":{"rendered":"<p><a href=\"https:\/\/jlggb.net\/blog3\/wp-content\/uploads\/2012\/07\/soufflot-1962.jpg\" data-rel=\"lightbox-image-0\" data-imagelightbox=\"0\" data-rl_title=\"\" data-rl_caption=\"\"><img loading=\"lazy\" decoding=\"async\" class=\"alignnone size-full wp-image-3020\" title=\"\" src=\"https:\/\/jlggb.net\/blog3\/wp-content\/uploads\/2012\/07\/soufflot-1962.jpg\" alt=\"\" width=\"480\" height=\"640\" \/><\/a><br \/>\n<a href=\"https:\/\/jlggb.net\/blog3\/wp-content\/uploads\/2012\/07\/soufflot-2012.jpg\" data-rel=\"lightbox-image-1\" data-imagelightbox=\"1\" data-rl_title=\"\" data-rl_caption=\"\"><img loading=\"lazy\" decoding=\"async\" src=\"https:\/\/jlggb.net\/blog3\/wp-content\/uploads\/2012\/07\/soufflot-2012.jpg\" alt=\"\" title=\"\" width=\"480\" height=\"640\" class=\"alignnone size-full wp-image-3019\" \/><\/a><br \/>\nVendredi 13 juillet 2012, 18h30, la rue Soufflot (architecte du Panth\u00e9on) et le Panth\u00e9on, Paris 5e. Ayant retrouv\u00e9 et num\u00e9ris\u00e9 une diapositive que j&rsquo;avais prise en juillet 1962 (autour du 14 juillet, d&rsquo;apr\u00e8s les drapeaux), j&rsquo;ai fait un voyage sp\u00e9cialement vers ce lieu (qui m&rsquo;est devenu tr\u00e8s familier) pour y prendre, sous la pluie, une photo comparable. Il y a un peu plus de voitures et plus de pi\u00e9tons. Quels progr\u00e8s avons nous connus&nbsp;? Peut-\u00eatre celui-ci&nbsp;: ne plus croire au progr\u00e8s g\u00e9n\u00e9ral.<\/p>\n","protected":false},"excerpt":{"rendered":"<p>Vendredi 13 juillet 2012, 18h30, la rue Soufflot (architecte du Panth\u00e9on) et le Panth\u00e9on, Paris 5e. Ayant retrouv\u00e9 et num\u00e9ris\u00e9 une diapositive que j&rsquo;avais prise en juillet 1962 (autour du 14 juillet, d&rsquo;apr\u00e8s les drapeaux), j&rsquo;ai fait un voyage sp\u00e9cialement vers ce lieu (qui m&rsquo;est devenu tr\u00e8s familier) pour y prendre, sous la pluie, une &hellip; <a href=\"https:\/\/jlggb.net\/blog3\/?p=3018\" class=\"more-link\">Continuer la lecture de <span class=\"screen-reader-text\">Cinquante ans de tourisme<\/span><\/a><\/p>\n","protected":false},"author":2,"featured_media":0,"comment_status":"closed","ping_status":"closed","sticky":false,"template":"","format":"standard","meta":{"footnotes":""},"categories":[24,70,85,89],"tags":[30,377,302,376],"class_list":["post-3018","post","type-post","status-publish","format-standard","hentry","category-monuments","category-photographies","category-ville","category-vues","tag-30","tag-377","tag-pantheon","tag-soufflot"],"_links":{"self":[{"href":"https:\/\/jlggb.net\/blog3\/index.php?rest_route=\/wp\/v2\/posts\/3018","targetHints":{"allow":["GET"]}}],"collection":[{"href":"https:\/\/jlggb.net\/blog3\/index.php?rest_route=\/wp\/v2\/posts"}],"about":[{"href":"https:\/\/jlggb.net\/blog3\/index.php?rest_route=\/wp\/v2\/types\/post"}],"author":[{"embeddable":true,"href":"https:\/\/jlggb.net\/blog3\/index.php?rest_route=\/wp\/v2\/users\/2"}],"replies":[{"embeddable":true,"href":"https:\/\/jlggb.net\/blog3\/index.php?rest_route=%2Fwp%2Fv2%2Fcomments&post=3018"}],"version-history":[{"count":0,"href":"https:\/\/jlggb.net\/blog3\/index.php?rest_route=\/wp\/v2\/posts\/3018\/revisions"}],"wp:attachment":[{"href":"https:\/\/jlggb.net\/blog3\/index.php?rest_route=%2Fwp%2Fv2%2Fmedia&parent=3018"}],"wp:term":[{"taxonomy":"category","embeddable":true,"href":"https:\/\/jlggb.net\/blog3\/index.php?rest_route=%2Fwp%2Fv2%2Fcategories&post=3018"},{"taxonomy":"post_tag","embeddable":true,"href":"https:\/\/jlggb.net\/blog3\/index.php?rest_route=%2Fwp%2Fv2%2Ftags&post=3018"}],"curies":[{"name":"wp","href":"https:\/\/api.w.org\/{rel}","templated":true}]}}