{"id":2995,"date":"2012-07-09T18:15:37","date_gmt":"2012-07-09T16:15:37","guid":{"rendered":"http:\/\/jlggb.net\/blog3\/?p=2995"},"modified":"2014-02-23T19:22:31","modified_gmt":"2014-02-23T18:22:31","slug":"une-friche-devenue-jardin","status":"publish","type":"post","link":"https:\/\/jlggb.net\/blog3\/?p=2995","title":{"rendered":"Une friche devenue jardin"},"content":{"rendered":"<p><a href=\"https:\/\/jlggb.net\/blog3\/wp-content\/uploads\/2012\/07\/jardin-friche-nantes.jpg\" data-rel=\"lightbox-image-0\" data-imagelightbox=\"0\" data-rl_title=\"\" data-rl_caption=\"\"><img loading=\"lazy\" decoding=\"async\" src=\"https:\/\/jlggb.net\/blog3\/wp-content\/uploads\/2012\/07\/jardin-friche-nantes.jpg\" alt=\"\" title=\"\" width=\"640\" height=\"480\" class=\"alignnone size-full wp-image-2996\" srcset=\"https:\/\/jlggb.net\/blog3\/wp-content\/uploads\/2012\/07\/jardin-friche-nantes.jpg 1280w, https:\/\/jlggb.net\/blog3\/wp-content\/uploads\/2012\/07\/jardin-friche-nantes-300x225.jpg 300w, https:\/\/jlggb.net\/blog3\/wp-content\/uploads\/2012\/07\/jardin-friche-nantes-1024x768.jpg 1024w, https:\/\/jlggb.net\/blog3\/wp-content\/uploads\/2012\/07\/jardin-friche-nantes-150x112.jpg 150w\" sizes=\"auto, (max-width: 640px) 100vw, 640px\" \/><\/a><br \/>\nLundi 9 juillet, 18h15, \u00cele de Nantes. Bonne id\u00e9e&nbsp;: dans ce quartier de friches industrielles qui est une sorte de laboratoire architectural, un espace constructible de 2 700 m2 a conserv\u00e9 la friche v\u00e9g\u00e9tale qui s&rsquo;\u00e9tait d\u00e9velopp\u00e9e sur la dalle de l&rsquo;ancienne usine Alstom. On y circule comme dans un parc. Am\u00e9nagement par l&rsquo;\u00e9quipe de l&rsquo;Atelier de l&rsquo;\u00cele de Nantes, avec le paysagiste Alexandre Chemetoff et les botanistes et jardiniers du Service des espaces verts de la ville.<\/p>\n","protected":false},"excerpt":{"rendered":"<p>Lundi 9 juillet, 18h15, \u00cele de Nantes. Bonne id\u00e9e&nbsp;: dans ce quartier de friches industrielles qui est une sorte de laboratoire architectural, un espace constructible de 2 700 m2 a conserv\u00e9 la friche v\u00e9g\u00e9tale qui s&rsquo;\u00e9tait d\u00e9velopp\u00e9e sur la dalle de l&rsquo;ancienne usine Alstom. On y circule comme dans un parc. Am\u00e9nagement par l&rsquo;\u00e9quipe de &hellip; <a href=\"https:\/\/jlggb.net\/blog3\/?p=2995\" class=\"more-link\">Continuer la lecture de <span class=\"screen-reader-text\">Une friche devenue jardin<\/span><\/a><\/p>\n","protected":false},"author":2,"featured_media":0,"comment_status":"closed","ping_status":"closed","sticky":false,"template":"","format":"standard","meta":{"footnotes":""},"categories":[64,115],"tags":[374,318],"class_list":["post-2995","post","type-post","status-publish","format-standard","hentry","category-architecture","category-plantes-2","tag-friche","tag-nantes"],"_links":{"self":[{"href":"https:\/\/jlggb.net\/blog3\/index.php?rest_route=\/wp\/v2\/posts\/2995","targetHints":{"allow":["GET"]}}],"collection":[{"href":"https:\/\/jlggb.net\/blog3\/index.php?rest_route=\/wp\/v2\/posts"}],"about":[{"href":"https:\/\/jlggb.net\/blog3\/index.php?rest_route=\/wp\/v2\/types\/post"}],"author":[{"embeddable":true,"href":"https:\/\/jlggb.net\/blog3\/index.php?rest_route=\/wp\/v2\/users\/2"}],"replies":[{"embeddable":true,"href":"https:\/\/jlggb.net\/blog3\/index.php?rest_route=%2Fwp%2Fv2%2Fcomments&post=2995"}],"version-history":[{"count":0,"href":"https:\/\/jlggb.net\/blog3\/index.php?rest_route=\/wp\/v2\/posts\/2995\/revisions"}],"wp:attachment":[{"href":"https:\/\/jlggb.net\/blog3\/index.php?rest_route=%2Fwp%2Fv2%2Fmedia&parent=2995"}],"wp:term":[{"taxonomy":"category","embeddable":true,"href":"https:\/\/jlggb.net\/blog3\/index.php?rest_route=%2Fwp%2Fv2%2Fcategories&post=2995"},{"taxonomy":"post_tag","embeddable":true,"href":"https:\/\/jlggb.net\/blog3\/index.php?rest_route=%2Fwp%2Fv2%2Ftags&post=2995"}],"curies":[{"name":"wp","href":"https:\/\/api.w.org\/{rel}","templated":true}]}}