{"id":2946,"date":"2012-07-09T18:00:41","date_gmt":"2012-07-09T16:00:41","guid":{"rendered":"http:\/\/jlggb.net\/blog3\/?p=2946"},"modified":"2014-02-23T19:22:17","modified_gmt":"2014-02-23T18:22:17","slug":"un-commentaire-sur-larchitecture-daujourdhui","status":"publish","type":"post","link":"https:\/\/jlggb.net\/blog3\/?p=2946","title":{"rendered":"Un commentaire sur l&rsquo;architecture d&rsquo;aujourd&rsquo;hui"},"content":{"rendered":"<p><a href=\"https:\/\/jlggb.net\/blog3\/wp-content\/uploads\/2012\/07\/van-lieshout-nantes.jpg\" data-rel=\"lightbox-image-0\" data-imagelightbox=\"0\" data-rl_title=\"\" data-rl_caption=\"\"><img loading=\"lazy\" decoding=\"async\" class=\"alignnone size-full wp-image-2947\" title=\"\" src=\"https:\/\/jlggb.net\/blog3\/wp-content\/uploads\/2012\/07\/van-lieshout-nantes.jpg\" alt=\"\" width=\"640\" height=\"480\" \/><\/a><br \/>\nLundi 9 juillet 2012, 18h. Nantes, devant la nouvelle \u00e9cole d&rsquo;architecture (les in\u00e9vitables Lacaton et Vassal, ici bien inspir\u00e9s), une forme de l&rsquo;Atelier Van Lieshout (Rotterdam), construite en 2009 au titre du 1% artistique. Voir&nbsp;: <a href=\"https:\/\/jlggb.net\/blog3\/?p=2582\" target=\"_blank\">\u00ab\u00a0Objet m\u00e9dusant\u00a0\u00bb<\/a>.<\/p>\n<blockquote><p>\u00ab\u00a0L&rsquo;Absence\u00a0\u00bb est une sculpture qui r\u00e9pond \u00e0 son environnement architectural. Elle offre l&rsquo;apparence d&rsquo;une masse mouvante et vivante aux multiples protub\u00e9rances, comme l&rsquo;incarnation d&rsquo;un geste instinctif, d\u00e9nu\u00e9 de toutes limites de formes ou de fonctions. Cette forme intuitive est habitable: l&rsquo;artiste en fait un lieu de vie et de discussion. \u00ab\u00a0L&rsquo;Absence\u00a0\u00bb est \u00e0 la fois une sculpture, un bar, et un commentaire sur l&rsquo;architecture d&rsquo;aujourd&rsquo;hui qui questionnera les \u00e9tudiants sur la forme de leurs futures r\u00e9alisations. (<a href=\"http:\/\/www.nantes.fr\/van-lieshout\" target=\"_blank\">Site officiel de la ville de Nantes<\/a>)<\/p><\/blockquote>\n","protected":false},"excerpt":{"rendered":"<p>Lundi 9 juillet 2012, 18h. Nantes, devant la nouvelle \u00e9cole d&rsquo;architecture (les in\u00e9vitables Lacaton et Vassal, ici bien inspir\u00e9s), une forme de l&rsquo;Atelier Van Lieshout (Rotterdam), construite en 2009 au titre du 1% artistique. Voir&nbsp;: \u00ab\u00a0Objet m\u00e9dusant\u00a0\u00bb. \u00ab\u00a0L&rsquo;Absence\u00a0\u00bb est une sculpture qui r\u00e9pond \u00e0 son environnement architectural. Elle offre l&rsquo;apparence d&rsquo;une masse mouvante et vivante &hellip; <a href=\"https:\/\/jlggb.net\/blog3\/?p=2946\" class=\"more-link\">Continuer la lecture de <span class=\"screen-reader-text\">Un commentaire sur l&rsquo;architecture d&rsquo;aujourd&rsquo;hui<\/span><\/a><\/p>\n","protected":false},"author":2,"featured_media":0,"comment_status":"closed","ping_status":"closed","sticky":false,"template":"","format":"standard","meta":{"footnotes":""},"categories":[64,7,60],"tags":[318,323],"class_list":["post-2946","post","type-post","status-publish","format-standard","hentry","category-architecture","category-arts","category-couleurs","tag-nantes","tag-van-lieshout"],"_links":{"self":[{"href":"https:\/\/jlggb.net\/blog3\/index.php?rest_route=\/wp\/v2\/posts\/2946","targetHints":{"allow":["GET"]}}],"collection":[{"href":"https:\/\/jlggb.net\/blog3\/index.php?rest_route=\/wp\/v2\/posts"}],"about":[{"href":"https:\/\/jlggb.net\/blog3\/index.php?rest_route=\/wp\/v2\/types\/post"}],"author":[{"embeddable":true,"href":"https:\/\/jlggb.net\/blog3\/index.php?rest_route=\/wp\/v2\/users\/2"}],"replies":[{"embeddable":true,"href":"https:\/\/jlggb.net\/blog3\/index.php?rest_route=%2Fwp%2Fv2%2Fcomments&post=2946"}],"version-history":[{"count":0,"href":"https:\/\/jlggb.net\/blog3\/index.php?rest_route=\/wp\/v2\/posts\/2946\/revisions"}],"wp:attachment":[{"href":"https:\/\/jlggb.net\/blog3\/index.php?rest_route=%2Fwp%2Fv2%2Fmedia&parent=2946"}],"wp:term":[{"taxonomy":"category","embeddable":true,"href":"https:\/\/jlggb.net\/blog3\/index.php?rest_route=%2Fwp%2Fv2%2Fcategories&post=2946"},{"taxonomy":"post_tag","embeddable":true,"href":"https:\/\/jlggb.net\/blog3\/index.php?rest_route=%2Fwp%2Fv2%2Ftags&post=2946"}],"curies":[{"name":"wp","href":"https:\/\/api.w.org\/{rel}","templated":true}]}}