{"id":2906,"date":"2012-07-08T16:00:20","date_gmt":"2012-07-08T14:00:20","guid":{"rendered":"http:\/\/jlggb.net\/blog3\/?p=2906"},"modified":"2014-02-23T19:21:59","modified_gmt":"2014-02-23T18:21:59","slug":"gerhard-richter-compte-rendu-de-visite","status":"publish","type":"post","link":"https:\/\/jlggb.net\/blog3\/?p=2906","title":{"rendered":"Gerhard Richter, compte rendu de visite"},"content":{"rendered":"<p><a href=\"https:\/\/jlggb.net\/blog3\/wp-content\/uploads\/2012\/07\/richter-couloir.jpg\" data-rel=\"lightbox-image-0\" data-imagelightbox=\"0\" data-rl_title=\"\" data-rl_caption=\"\"><img loading=\"lazy\" decoding=\"async\" class=\"alignnone size-full wp-image-2914\" title=\"\" src=\"https:\/\/jlggb.net\/blog3\/wp-content\/uploads\/2012\/07\/richter-couloir.jpg\" alt=\"\" width=\"640\" height=\"480\" srcset=\"https:\/\/jlggb.net\/blog3\/wp-content\/uploads\/2012\/07\/richter-couloir.jpg 1280w, https:\/\/jlggb.net\/blog3\/wp-content\/uploads\/2012\/07\/richter-couloir-300x225.jpg 300w, https:\/\/jlggb.net\/blog3\/wp-content\/uploads\/2012\/07\/richter-couloir-1024x768.jpg 1024w, https:\/\/jlggb.net\/blog3\/wp-content\/uploads\/2012\/07\/richter-couloir-150x112.jpg 150w\" sizes=\"auto, (max-width: 640px) 100vw, 640px\" \/><\/a><br \/>\nDimanche 8 juillet 2012, 13h-16h, Mus\u00e9e national d&rsquo;art moderne, Paris, exposition <em>Gerhard Richter, Panorama<\/em>.<br \/>\n<span style=\"color: #ffffff;\">&#8211;<\/span><br \/>\n<a href=\"https:\/\/jlggb.net\/blog3\/wp-content\/uploads\/2012\/07\/richter-table.jpg\" data-rel=\"lightbox-image-1\" data-imagelightbox=\"1\" data-rl_title=\"\" data-rl_caption=\"\"><img loading=\"lazy\" decoding=\"async\" class=\"alignnone size-full wp-image-2908\" title=\"\" src=\"https:\/\/jlggb.net\/blog3\/wp-content\/uploads\/2012\/07\/richter-table.jpg\" alt=\"\" width=\"640\" height=\"480\" srcset=\"https:\/\/jlggb.net\/blog3\/wp-content\/uploads\/2012\/07\/richter-table.jpg 1280w, https:\/\/jlggb.net\/blog3\/wp-content\/uploads\/2012\/07\/richter-table-300x225.jpg 300w, https:\/\/jlggb.net\/blog3\/wp-content\/uploads\/2012\/07\/richter-table-1024x768.jpg 1024w, https:\/\/jlggb.net\/blog3\/wp-content\/uploads\/2012\/07\/richter-table-150x112.jpg 150w\" sizes=\"auto, (max-width: 640px) 100vw, 640px\" \/><\/a><br \/>\n<em>Tisch<\/em>, 1962, huile sur toile, \u00ab\u00a0le premier tableau inscrit dans le catalogue raisonn\u00e9 de Richter, apr\u00e8s que l&rsquo;artiste ait d\u00e9truit toutes ses peintures pr\u00e9c\u00e9dentes.\u00a0\u00bb<br \/>\n<span style=\"color: #ffffff;\">&#8211;<\/span><br \/>\n<a href=\"https:\/\/jlggb.net\/blog3\/wp-content\/uploads\/2012\/07\/richter-auschnitt.jpg\" data-rel=\"lightbox-image-2\" data-imagelightbox=\"2\" data-rl_title=\"\" data-rl_caption=\"\"><img loading=\"lazy\" decoding=\"async\" class=\"alignnone size-full wp-image-2915\" title=\"\" src=\"https:\/\/jlggb.net\/blog3\/wp-content\/uploads\/2012\/07\/richter-auschnitt.jpg\" alt=\"\" width=\"640\" height=\"480\" srcset=\"https:\/\/jlggb.net\/blog3\/wp-content\/uploads\/2012\/07\/richter-auschnitt.jpg 1280w, https:\/\/jlggb.net\/blog3\/wp-content\/uploads\/2012\/07\/richter-auschnitt-300x225.jpg 300w, https:\/\/jlggb.net\/blog3\/wp-content\/uploads\/2012\/07\/richter-auschnitt-1024x768.jpg 1024w, https:\/\/jlggb.net\/blog3\/wp-content\/uploads\/2012\/07\/richter-auschnitt-150x112.jpg 150w\" sizes=\"auto, (max-width: 640px) 100vw, 640px\" \/><\/a><br \/>\n<em>Auschnitt (rot-blau)<\/em>, 1970, huile sur toile.<br \/>\n<span style=\"color: #ffffff;\">&#8211;<\/span><br \/>\n<a href=\"https:\/\/jlggb.net\/blog3\/wp-content\/uploads\/2012\/07\/richter-betty-1977.jpg\" data-rel=\"lightbox-image-3\" data-imagelightbox=\"3\" data-rl_title=\"\" data-rl_caption=\"\"><img loading=\"lazy\" decoding=\"async\" class=\"alignnone size-full wp-image-2917\" title=\"\" src=\"https:\/\/jlggb.net\/blog3\/wp-content\/uploads\/2012\/07\/richter-betty-1977.jpg\" alt=\"\" width=\"640\" height=\"480\" srcset=\"https:\/\/jlggb.net\/blog3\/wp-content\/uploads\/2012\/07\/richter-betty-1977.jpg 1280w, https:\/\/jlggb.net\/blog3\/wp-content\/uploads\/2012\/07\/richter-betty-1977-300x225.jpg 300w, https:\/\/jlggb.net\/blog3\/wp-content\/uploads\/2012\/07\/richter-betty-1977-1024x768.jpg 1024w, https:\/\/jlggb.net\/blog3\/wp-content\/uploads\/2012\/07\/richter-betty-1977-150x112.jpg 150w\" sizes=\"auto, (max-width: 640px) 100vw, 640px\" \/><\/a><br \/>\n<em>Betty<\/em>, 1977, huile sur toile. Voir \u00ab\u00a017.07.2007&nbsp;: Documenta, Richter\u00a0\u00bb&nbsp;: <a href=\"http:\/\/jlggb.net\/blog\/?p=484\">http:\/\/jlggb.net\/blog\/?p=484<\/a><br \/>\n<span style=\"color: #ffffff;\">&#8211;<\/span><br \/>\n<a href=\"https:\/\/jlggb.net\/blog3\/wp-content\/uploads\/2012\/07\/richter-glenn.jpg\" data-rel=\"lightbox-image-4\" data-imagelightbox=\"4\" data-rl_title=\"\" data-rl_caption=\"\"><img loading=\"lazy\" decoding=\"async\" class=\"alignnone size-full wp-image-2957\" title=\"\" src=\"https:\/\/jlggb.net\/blog3\/wp-content\/uploads\/2012\/07\/richter-glenn.jpg\" alt=\"\" width=\"640\" height=\"480\" srcset=\"https:\/\/jlggb.net\/blog3\/wp-content\/uploads\/2012\/07\/richter-glenn.jpg 1280w, https:\/\/jlggb.net\/blog3\/wp-content\/uploads\/2012\/07\/richter-glenn-300x225.jpg 300w, https:\/\/jlggb.net\/blog3\/wp-content\/uploads\/2012\/07\/richter-glenn-1024x768.jpg 1024w, https:\/\/jlggb.net\/blog3\/wp-content\/uploads\/2012\/07\/richter-glenn-150x112.jpg 150w\" sizes=\"auto, (max-width: 640px) 100vw, 640px\" \/><\/a><br \/>\n<em>Glenn<\/em>, 1983, huile sur toile (d\u00e9tail).<br \/>\n<span style=\"color: #ffffff;\">&#8211;<\/span><br \/>\n<a href=\"https:\/\/jlggb.net\/blog3\/wp-content\/uploads\/2012\/07\/richter-venedig.jpg\" data-rel=\"lightbox-image-5\" data-imagelightbox=\"5\" data-rl_title=\"\" data-rl_caption=\"\"><img loading=\"lazy\" decoding=\"async\" class=\"alignnone size-full wp-image-3000\" title=\"\" src=\"https:\/\/jlggb.net\/blog3\/wp-content\/uploads\/2012\/07\/richter-venedig.jpg\" alt=\"\" width=\"640\" height=\"480\" srcset=\"https:\/\/jlggb.net\/blog3\/wp-content\/uploads\/2012\/07\/richter-venedig.jpg 1280w, https:\/\/jlggb.net\/blog3\/wp-content\/uploads\/2012\/07\/richter-venedig-300x225.jpg 300w, https:\/\/jlggb.net\/blog3\/wp-content\/uploads\/2012\/07\/richter-venedig-1024x768.jpg 1024w, https:\/\/jlggb.net\/blog3\/wp-content\/uploads\/2012\/07\/richter-venedig-150x112.jpg 150w\" sizes=\"auto, (max-width: 640px) 100vw, 640px\" \/><\/a><br \/>\n<em>Venedig<\/em>, 1986, huile sur toile.<br \/>\n<span style=\"color: #ffffff;\">&#8211;<\/span><br \/>\n<a href=\"https:\/\/jlggb.net\/blog3\/wp-content\/uploads\/2012\/07\/richter-meinhof.jpg\" data-rel=\"lightbox-image-6\" data-imagelightbox=\"6\" data-rl_title=\"\" data-rl_caption=\"\"><img loading=\"lazy\" decoding=\"async\" class=\"alignnone size-full wp-image-2912\" title=\"\" src=\"https:\/\/jlggb.net\/blog3\/wp-content\/uploads\/2012\/07\/richter-meinhof.jpg\" alt=\"\" width=\"640\" height=\"480\" srcset=\"https:\/\/jlggb.net\/blog3\/wp-content\/uploads\/2012\/07\/richter-meinhof.jpg 1280w, https:\/\/jlggb.net\/blog3\/wp-content\/uploads\/2012\/07\/richter-meinhof-300x225.jpg 300w, https:\/\/jlggb.net\/blog3\/wp-content\/uploads\/2012\/07\/richter-meinhof-1024x768.jpg 1024w, https:\/\/jlggb.net\/blog3\/wp-content\/uploads\/2012\/07\/richter-meinhof-150x112.jpg 150w\" sizes=\"auto, (max-width: 640px) 100vw, 640px\" \/><\/a><br \/>\n<em>Gegen\u00fcberstellung<\/em> (18 octobre 1977, Ulrike Meinhof), 1988, huile sur toile (d\u00e9tail).<br \/>\n<span style=\"color: #ffffff;\">&#8211;<\/span><br \/>\n<a href=\"https:\/\/jlggb.net\/blog3\/wp-content\/uploads\/2012\/07\/richter-betty-1988.jpg\" data-rel=\"lightbox-image-7\" data-imagelightbox=\"7\" data-rl_title=\"\" data-rl_caption=\"\"><img loading=\"lazy\" decoding=\"async\" class=\"alignnone size-full wp-image-2916\" title=\"\" src=\"https:\/\/jlggb.net\/blog3\/wp-content\/uploads\/2012\/07\/richter-betty-1988.jpg\" alt=\"\" width=\"640\" height=\"480\" srcset=\"https:\/\/jlggb.net\/blog3\/wp-content\/uploads\/2012\/07\/richter-betty-1988.jpg 1280w, https:\/\/jlggb.net\/blog3\/wp-content\/uploads\/2012\/07\/richter-betty-1988-300x225.jpg 300w, https:\/\/jlggb.net\/blog3\/wp-content\/uploads\/2012\/07\/richter-betty-1988-1024x768.jpg 1024w, https:\/\/jlggb.net\/blog3\/wp-content\/uploads\/2012\/07\/richter-betty-1988-150x112.jpg 150w\" sizes=\"auto, (max-width: 640px) 100vw, 640px\" \/><\/a><br \/>\n<em>Betty<\/em>, 1988, huile sur toile.<br \/>\n<span style=\"color: #ffffff;\">&#8211;<\/span><br \/>\n<a href=\"https:\/\/jlggb.net\/blog3\/wp-content\/uploads\/2012\/07\/richter-lesende.jpg\" data-rel=\"lightbox-image-8\" data-imagelightbox=\"8\" data-rl_title=\"\" data-rl_caption=\"\"><img loading=\"lazy\" decoding=\"async\" class=\"alignnone size-full wp-image-2910\" title=\"\" src=\"https:\/\/jlggb.net\/blog3\/wp-content\/uploads\/2012\/07\/richter-lesende.jpg\" alt=\"\" width=\"640\" height=\"480\" srcset=\"https:\/\/jlggb.net\/blog3\/wp-content\/uploads\/2012\/07\/richter-lesende.jpg 1280w, https:\/\/jlggb.net\/blog3\/wp-content\/uploads\/2012\/07\/richter-lesende-300x225.jpg 300w, https:\/\/jlggb.net\/blog3\/wp-content\/uploads\/2012\/07\/richter-lesende-1024x768.jpg 1024w, https:\/\/jlggb.net\/blog3\/wp-content\/uploads\/2012\/07\/richter-lesende-150x112.jpg 150w\" sizes=\"auto, (max-width: 640px) 100vw, 640px\" \/><\/a><br \/>\n<em>Lesende<\/em>, 1994, huile sur toile (dr).<br \/>\n<span style=\"color: #ffffff;\">&#8211;<\/span><br \/>\n<a href=\"https:\/\/jlggb.net\/blog3\/wp-content\/uploads\/2012\/07\/richter-numerique.jpg\" data-rel=\"lightbox-image-9\" data-imagelightbox=\"9\" data-rl_title=\"\" data-rl_caption=\"\"><img loading=\"lazy\" decoding=\"async\" class=\"alignnone size-full wp-image-2913\" title=\"\" src=\"https:\/\/jlggb.net\/blog3\/wp-content\/uploads\/2012\/07\/richter-numerique.jpg\" alt=\"\" width=\"640\" height=\"480\" srcset=\"https:\/\/jlggb.net\/blog3\/wp-content\/uploads\/2012\/07\/richter-numerique.jpg 1280w, https:\/\/jlggb.net\/blog3\/wp-content\/uploads\/2012\/07\/richter-numerique-300x225.jpg 300w, https:\/\/jlggb.net\/blog3\/wp-content\/uploads\/2012\/07\/richter-numerique-1024x768.jpg 1024w, https:\/\/jlggb.net\/blog3\/wp-content\/uploads\/2012\/07\/richter-numerique-150x112.jpg 150w\" sizes=\"auto, (max-width: 640px) 100vw, 640px\" \/><\/a><br \/>\n<a href=\"https:\/\/jlggb.net\/blog3\/wp-content\/uploads\/2012\/07\/richter-numerique-salle.jpg\" data-rel=\"lightbox-image-10\" data-imagelightbox=\"10\" data-rl_title=\"\" data-rl_caption=\"\"><img loading=\"lazy\" decoding=\"async\" class=\"alignnone size-full wp-image-2911\" title=\"\" src=\"https:\/\/jlggb.net\/blog3\/wp-content\/uploads\/2012\/07\/richter-numerique-salle.jpg\" alt=\"\" width=\"640\" height=\"480\" srcset=\"https:\/\/jlggb.net\/blog3\/wp-content\/uploads\/2012\/07\/richter-numerique-salle.jpg 1280w, https:\/\/jlggb.net\/blog3\/wp-content\/uploads\/2012\/07\/richter-numerique-salle-300x225.jpg 300w, https:\/\/jlggb.net\/blog3\/wp-content\/uploads\/2012\/07\/richter-numerique-salle-1024x768.jpg 1024w, https:\/\/jlggb.net\/blog3\/wp-content\/uploads\/2012\/07\/richter-numerique-salle-150x112.jpg 150w\" sizes=\"auto, (max-width: 640px) 100vw, 640px\" \/><\/a><br \/>\n<em>Strip<\/em>, 2011, impression num\u00e9rique (d\u00e9tail et vue dans le contexte de la salle).<br \/>\n<span style=\"color: #ffffff;\">&#8211;<\/span><br \/>\n<a href=\"https:\/\/jlggb.net\/blog3\/wp-content\/uploads\/2012\/07\/richter-beaubourg.jpg\" data-rel=\"lightbox-image-11\" data-imagelightbox=\"11\" data-rl_title=\"\" data-rl_caption=\"\"><img loading=\"lazy\" decoding=\"async\" src=\"https:\/\/jlggb.net\/blog3\/wp-content\/uploads\/2012\/07\/richter-beaubourg.jpg\" alt=\"\" title=\"\" width=\"640\" height=\"480\" class=\"alignnone size-full wp-image-3002\" srcset=\"https:\/\/jlggb.net\/blog3\/wp-content\/uploads\/2012\/07\/richter-beaubourg.jpg 1280w, https:\/\/jlggb.net\/blog3\/wp-content\/uploads\/2012\/07\/richter-beaubourg-300x225.jpg 300w, https:\/\/jlggb.net\/blog3\/wp-content\/uploads\/2012\/07\/richter-beaubourg-1024x768.jpg 1024w, https:\/\/jlggb.net\/blog3\/wp-content\/uploads\/2012\/07\/richter-beaubourg-150x112.jpg 150w\" sizes=\"auto, (max-width: 640px) 100vw, 640px\" \/><\/a><\/p>\n","protected":false},"excerpt":{"rendered":"<p>Dimanche 8 juillet 2012, 13h-16h, Mus\u00e9e national d&rsquo;art moderne, Paris, exposition Gerhard Richter, Panorama. &#8211; Tisch, 1962, huile sur toile, \u00ab\u00a0le premier tableau inscrit dans le catalogue raisonn\u00e9 de Richter, apr\u00e8s que l&rsquo;artiste ait d\u00e9truit toutes ses peintures pr\u00e9c\u00e9dentes.\u00a0\u00bb &#8211; Auschnitt (rot-blau), 1970, huile sur toile. &#8211; Betty, 1977, huile sur toile. Voir \u00ab\u00a017.07.2007&nbsp;: Documenta, &hellip; <a href=\"https:\/\/jlggb.net\/blog3\/?p=2906\" class=\"more-link\">Continuer la lecture de <span class=\"screen-reader-text\">Gerhard Richter, compte rendu de visite<\/span><\/a><\/p>\n","protected":false},"author":2,"featured_media":0,"comment_status":"closed","ping_status":"closed","sticky":false,"template":"","format":"standard","meta":{"footnotes":""},"categories":[7,60],"tags":[369,370],"class_list":["post-2906","post","type-post","status-publish","format-standard","hentry","category-arts","category-couleurs","tag-gerhard-richter","tag-pompidou"],"_links":{"self":[{"href":"https:\/\/jlggb.net\/blog3\/index.php?rest_route=\/wp\/v2\/posts\/2906","targetHints":{"allow":["GET"]}}],"collection":[{"href":"https:\/\/jlggb.net\/blog3\/index.php?rest_route=\/wp\/v2\/posts"}],"about":[{"href":"https:\/\/jlggb.net\/blog3\/index.php?rest_route=\/wp\/v2\/types\/post"}],"author":[{"embeddable":true,"href":"https:\/\/jlggb.net\/blog3\/index.php?rest_route=\/wp\/v2\/users\/2"}],"replies":[{"embeddable":true,"href":"https:\/\/jlggb.net\/blog3\/index.php?rest_route=%2Fwp%2Fv2%2Fcomments&post=2906"}],"version-history":[{"count":0,"href":"https:\/\/jlggb.net\/blog3\/index.php?rest_route=\/wp\/v2\/posts\/2906\/revisions"}],"wp:attachment":[{"href":"https:\/\/jlggb.net\/blog3\/index.php?rest_route=%2Fwp%2Fv2%2Fmedia&parent=2906"}],"wp:term":[{"taxonomy":"category","embeddable":true,"href":"https:\/\/jlggb.net\/blog3\/index.php?rest_route=%2Fwp%2Fv2%2Fcategories&post=2906"},{"taxonomy":"post_tag","embeddable":true,"href":"https:\/\/jlggb.net\/blog3\/index.php?rest_route=%2Fwp%2Fv2%2Ftags&post=2906"}],"curies":[{"name":"wp","href":"https:\/\/api.w.org\/{rel}","templated":true}]}}