{"id":2885,"date":"2012-07-07T23:59:02","date_gmt":"2012-07-07T21:59:02","guid":{"rendered":"http:\/\/jlggb.net\/blog3\/?p=2885"},"modified":"2014-02-23T19:21:27","modified_gmt":"2014-02-23T18:21:27","slug":"des-archives-doisneau-44","status":"publish","type":"post","link":"https:\/\/jlggb.net\/blog3\/?p=2885","title":{"rendered":"Des archives : Doisneau 4\/4"},"content":{"rendered":"<p><a href=\"https:\/\/jlggb.net\/blog3\/wp-content\/uploads\/2012\/07\/doisneau-place-de-rungis-1972.jpg\" data-rel=\"lightbox-image-0\" data-imagelightbox=\"0\" data-rl_title=\"\" data-rl_caption=\"\"><img loading=\"lazy\" decoding=\"async\" class=\"alignnone  wp-image-2891\" title=\"\" src=\"https:\/\/jlggb.net\/blog3\/wp-content\/uploads\/2012\/07\/doisneau-place-de-rungis-1972.jpg\" alt=\"\" width=\"640\" height=\"441\" srcset=\"https:\/\/jlggb.net\/blog3\/wp-content\/uploads\/2012\/07\/doisneau-place-de-rungis-1972.jpg 1600w, https:\/\/jlggb.net\/blog3\/wp-content\/uploads\/2012\/07\/doisneau-place-de-rungis-1972-300x206.jpg 300w, https:\/\/jlggb.net\/blog3\/wp-content\/uploads\/2012\/07\/doisneau-place-de-rungis-1972-150x103.jpg 150w\" sizes=\"auto, (max-width: 640px) 100vw, 640px\" \/><\/a><br \/>\nSamedi 7 juillet 2012; 23h50. On termine ici le cycle de quatre articles annonc\u00e9 et commenc\u00e9 le 14 f\u00e9vrier 2012 (voir les billets Doisneau&nbsp;: <a href=\"https:\/\/jlggb.net\/blog3\/?s=doisneau\" target=\"_blank\">https:\/\/jlggb.net\/blog3\/?s=doisneau<\/a>), avec une photographie qui est, encadr\u00e9e, sur le mur devant mes yeux depuis bient\u00f4t 30 ans, prise il y a 40 ans&nbsp;: Robert Doisneau, <em>Place de Rungis<\/em>, 1972 (collection JLggB, dr).<\/p>\n<p>Je recopie ici des extraits de divers articles que j&rsquo;ai publi\u00e9s depuis&nbsp;:<\/p>\n<blockquote><p>J\u2019avais interrog\u00e9 Robert Doisneau sur ses premi\u00e8res photographies, celles dans lesquelles il s\u2019est reconnu photographe, celles qui lui ont permis d\u2019assumer sa timidit\u00e9. Ce sont des images du pav\u00e9 devant lui, sur le trajet de l\u2019\u00e9cole ou de la travers\u00e9e de la Banlieue vers Paris. On conna\u00eet la place prise par le pav\u00e9 parisien dans l\u2019\u0153uvre de Doisneau. Je m\u2019\u00e9tais amus\u00e9 \u00e0 nommer <em>hypoth\u00e8se de l\u2019hypot\u00e9nuse<\/em> (voir le billet du 28 juin 2009&nbsp;: <a href=\"http:\/\/jlggb.net\/blog\/?p=4070\" target=\"_blank\">http:\/\/jlggb.net\/blog\/?p=4070<\/a>) cette\u00a0 fa\u00e7on initiatique qu\u2019a tout photographe d\u2019enregistrer l\u2019image du sol qui est devant lui. Cela proc\u00e8de de la v\u00e9rification de l\u2019appartenance de soi au monde que l\u2019on construit par la saisie, de l\u2019inclusion du dispositif de prise de vues \u00e0 la vue elle-m\u00eame, de la solidit\u00e9 de l\u2019image r\u00e9sultante. J\u2019avais signal\u00e9, dans un article sur ses photos de la Lib\u00e9ration de Paris\u00a0 (\u00ab Robert Doisneau, Paris, ao\u00fbt 1944 \u00bb,\u00a0 <em>La Recherche photographique<\/em>, Paris, juin 1989), comment, avec les barricades, le sol pav\u00e9 qui est sa sc\u00e8ne, se soulevait, se dressait jusqu\u2019\u00e0 la frontalit\u00e9 qui est l\u2019autre modalit\u00e9 de la position du preneur de vues, celle par exemple d\u2019un Walker Evans.<\/p>\n<p>Quitte \u00e0 infl\u00e9chir la r\u00e9alit\u00e9 de son travail, j\u2019affirmais que Robert Doisneau \u00e9tait un photographe des lieux, plus que des gens. Je d\u00e9couvrais que ses choix se portaient d\u2019abord sur des sc\u00e8nes, non pas au sens de l\u2019action, mais au sens de l\u2019espace pour un drame possible, un th\u00e9\u00e2tre o\u00f9 des acteurs viendraient trouver leur place. Au demeurant, Robert Doisneau ne contredisait pas cette observation lorsqu\u2019il d\u00e9clarait que sa m\u00e9thode consistait \u00e0 attendre que des personnages viennent d\u00e9clencher la prise de vue, se prendre eux-m\u00eames dans l\u2019espace cadr\u00e9. La plupart des images de Doisneau peuvent \u00eatre analys\u00e9es en ces termes, y compris <em>Les Enfants de la place H\u00e9bert<\/em> (1957) o\u00f9 se construisent des relations de forces et de regards qui incluent le photographe lui-m\u00eame.<\/p>\n<p>J\u2019insistais donc, d\u2019accord en cela avec Jean-Fran\u00e7ois Chevrier (<em>Robert Doisneau<\/em>, Belfond, Paris, 1983), sur le caract\u00e8re \u00ab path\u00e9tique \u00bb de sa photographie. La filiation avec l\u2019\u0153uvre d\u2019Eug\u00e8ne Atget, dont on conna\u00eet qu\u2019elle a inspir\u00e9 \u00e0 Walter Benjamin la c\u00e9l\u00e8bre formule \u00ab\u00a0th\u00e9\u00e2tre du crime \u00bb est \u00e9vidente si l\u2019on veut bien reconna\u00eetre des photographies comme cette <em>Place de Rungis<\/em> (1972) pour laquelle je manifestais un tel engouement \u00ab th\u00e9orique \u00bb que Robert Doisneau me l\u2019offrit en 1983.<\/p>\n<p>De cette photo, disons simplement qu\u2019elle est, exceptionnellement chez Doisneau, faite avec une chambre de grand format, et donc particuli\u00e8rement nette dans ses d\u00e9tails et dans sa profondeur. Les maisons sont de simples fa\u00e7ades en arc de cercle, aux angles de rues fuyantes, comme dans un d\u00e9cor de cin\u00e9ma \u00e0 la Trauner et le ciel gris est un v\u00e9lum th\u00e9\u00e2tral. \u00c0 cette heure donn\u00e9e par l\u2019horloge centrale, la place est vide, mais le sol, quadrill\u00e9 finement par les pav\u00e9s, \u00e0 la fois conserve les traces de passages et appelle la pr\u00e9sence, comme rep\u00e9r\u00e9e dans un syst\u00e8me de coordonn\u00e9es, de personnages et d\u2019\u00e9v\u00e9nements, de \u00ab crimes \u00bb. Car j\u2019avais pris l\u2019habitude, \u00e0 partir de l\u00e0, de d\u00e9signer par \u00ab crime \u00bb tout ce qui pouvait faire office de d\u00e9clencheur d\u2019une photographie, ou encore le potentiel de moments distincts qu\u2019avait connu ou que pourrait conna\u00eetre un lieu particulier.<\/p>\n<p><a href=\"https:\/\/jlggb.net\/blog3\/wp-content\/uploads\/2012\/07\/doisneau-v218-liberation.jpg\" data-rel=\"lightbox-image-1\" data-imagelightbox=\"1\" data-rl_title=\"\" data-rl_caption=\"\"><img loading=\"lazy\" decoding=\"async\" class=\"alignnone  wp-image-2889\" title=\"\" src=\"https:\/\/jlggb.net\/blog3\/wp-content\/uploads\/2012\/07\/doisneau-v218-liberation.jpg\" alt=\"\" width=\"320\" height=\"443\" srcset=\"https:\/\/jlggb.net\/blog3\/wp-content\/uploads\/2012\/07\/doisneau-v218-liberation.jpg 800w, https:\/\/jlggb.net\/blog3\/wp-content\/uploads\/2012\/07\/doisneau-v218-liberation-216x300.jpg 216w, https:\/\/jlggb.net\/blog3\/wp-content\/uploads\/2012\/07\/doisneau-v218-liberation-740x1024.jpg 740w, https:\/\/jlggb.net\/blog3\/wp-content\/uploads\/2012\/07\/doisneau-v218-liberation-108x150.jpg 108w\" sizes=\"auto, (max-width: 320px) 100vw, 320px\" \/><\/a><br \/>\nRobert Doisneau, <em>Lib\u00e9ration de Paris<\/em>, 1944 (dr).<\/p>\n<p><a href=\"https:\/\/jlggb.net\/blog3\/wp-content\/uploads\/2012\/07\/doisneau-45236-hebert.jpg\" data-rel=\"lightbox-image-2\" data-imagelightbox=\"2\" data-rl_title=\"\" data-rl_caption=\"\"><img loading=\"lazy\" decoding=\"async\" class=\"alignnone  wp-image-2890\" title=\"\" src=\"https:\/\/jlggb.net\/blog3\/wp-content\/uploads\/2012\/07\/doisneau-45236-hebert.jpg\" alt=\"\" width=\"320\" height=\"405\" \/><\/a><br \/>\nRobert Doisneau, <em>Les Enfants de la Place H\u00e9bert<\/em>, 1957 (dr).<\/p><\/blockquote>\n","protected":false},"excerpt":{"rendered":"<p>Samedi 7 juillet 2012; 23h50. On termine ici le cycle de quatre articles annonc\u00e9 et commenc\u00e9 le 14 f\u00e9vrier 2012 (voir les billets Doisneau&nbsp;: https:\/\/jlggb.net\/blog3\/?s=doisneau), avec une photographie qui est, encadr\u00e9e, sur le mur devant mes yeux depuis bient\u00f4t 30 ans, prise il y a 40 ans&nbsp;: Robert Doisneau, Place de Rungis, 1972 (collection JLggB, &hellip; <a href=\"https:\/\/jlggb.net\/blog3\/?p=2885\" class=\"more-link\">Continuer la lecture de <span class=\"screen-reader-text\">Des archives : Doisneau 4\/4<\/span><\/a><\/p>\n","protected":false},"author":2,"featured_media":0,"comment_status":"closed","ping_status":"closed","sticky":false,"template":"","format":"standard","meta":{"footnotes":""},"categories":[31,70],"tags":[180],"class_list":["post-2885","post","type-post","status-publish","format-standard","hentry","category-des-archives","category-photographies","tag-robert-doisneau"],"_links":{"self":[{"href":"https:\/\/jlggb.net\/blog3\/index.php?rest_route=\/wp\/v2\/posts\/2885","targetHints":{"allow":["GET"]}}],"collection":[{"href":"https:\/\/jlggb.net\/blog3\/index.php?rest_route=\/wp\/v2\/posts"}],"about":[{"href":"https:\/\/jlggb.net\/blog3\/index.php?rest_route=\/wp\/v2\/types\/post"}],"author":[{"embeddable":true,"href":"https:\/\/jlggb.net\/blog3\/index.php?rest_route=\/wp\/v2\/users\/2"}],"replies":[{"embeddable":true,"href":"https:\/\/jlggb.net\/blog3\/index.php?rest_route=%2Fwp%2Fv2%2Fcomments&post=2885"}],"version-history":[{"count":0,"href":"https:\/\/jlggb.net\/blog3\/index.php?rest_route=\/wp\/v2\/posts\/2885\/revisions"}],"wp:attachment":[{"href":"https:\/\/jlggb.net\/blog3\/index.php?rest_route=%2Fwp%2Fv2%2Fmedia&parent=2885"}],"wp:term":[{"taxonomy":"category","embeddable":true,"href":"https:\/\/jlggb.net\/blog3\/index.php?rest_route=%2Fwp%2Fv2%2Fcategories&post=2885"},{"taxonomy":"post_tag","embeddable":true,"href":"https:\/\/jlggb.net\/blog3\/index.php?rest_route=%2Fwp%2Fv2%2Ftags&post=2885"}],"curies":[{"name":"wp","href":"https:\/\/api.w.org\/{rel}","templated":true}]}}