{"id":2876,"date":"2012-07-06T16:00:57","date_gmt":"2012-07-06T14:00:57","guid":{"rendered":"http:\/\/jlggb.net\/blog3\/?p=2876"},"modified":"2014-02-23T19:21:11","modified_gmt":"2014-02-23T18:21:11","slug":"horloge-a-segmenter-le-temps","status":"publish","type":"post","link":"https:\/\/jlggb.net\/blog3\/?p=2876","title":{"rendered":"Horloge \u00e0 segmenter le temps"},"content":{"rendered":"<p><a href=\"https:\/\/jlggb.net\/blog3\/wp-content\/uploads\/2012\/07\/horloges-ensad.jpg\" data-rel=\"lightbox-image-0\" data-imagelightbox=\"0\" data-rl_title=\"\" data-rl_caption=\"\"><img loading=\"lazy\" decoding=\"async\" class=\"alignnone size-full wp-image-2877\" title=\"\" src=\"https:\/\/jlggb.net\/blog3\/wp-content\/uploads\/2012\/07\/horloges-ensad.jpg\" alt=\"\" width=\"640\" height=\"480\" srcset=\"https:\/\/jlggb.net\/blog3\/wp-content\/uploads\/2012\/07\/horloges-ensad.jpg 1280w, https:\/\/jlggb.net\/blog3\/wp-content\/uploads\/2012\/07\/horloges-ensad-300x225.jpg 300w, https:\/\/jlggb.net\/blog3\/wp-content\/uploads\/2012\/07\/horloges-ensad-1024x768.jpg 1024w, https:\/\/jlggb.net\/blog3\/wp-content\/uploads\/2012\/07\/horloges-ensad-150x112.jpg 150w\" sizes=\"auto, (max-width: 640px) 100vw, 640px\" \/><\/a><br \/>\nVendredi 6 juillet 2012, 16h, <a href=\"http:\/\/www.via.fr\/fr\/ecoles-du-design.php?annee=2012\" target=\"_blank\">galerie VIA, exposition \u00ab&nbsp;VIA, les \u00e9coles de design 2012&nbsp;\u00bb<\/a>, avenue Daumesnil, Paris 12e. Une proposition de Leslie Landucci (\u00c9cole nationale sup\u00e9rieure des arts d\u00e9coratifs &#8211; Paris)&nbsp;: l&rsquo;horloge \u00ab&nbsp;Moins le quart&nbsp;\u00bb de la s\u00e9rie \u00ab&nbsp;Life Goes On&nbsp;\u00bb entend r\u00e9pondre aux difficult\u00e9s des personnes atteintes du trouble du d\u00e9ficit d&rsquo;attention qui, ayant du mal \u00e0 entamer une nouvelle t\u00e2che, peuvent, gr\u00e2ce \u00e0 un secteur rotatif, segmenter une heure en 45 minutes de travail et 15 minutes de pause.<br \/>\nNote&nbsp;: On m&rsquo;a d\u00e9j\u00e0 fait remarquer que tenir un blog \u00e9tait une fa\u00e7on de <em>procrastiner<\/em>.<\/p>\n","protected":false},"excerpt":{"rendered":"<p>Vendredi 6 juillet 2012, 16h, galerie VIA, exposition \u00ab&nbsp;VIA, les \u00e9coles de design 2012&nbsp;\u00bb, avenue Daumesnil, Paris 12e. Une proposition de Leslie Landucci (\u00c9cole nationale sup\u00e9rieure des arts d\u00e9coratifs &#8211; Paris)&nbsp;: l&rsquo;horloge \u00ab&nbsp;Moins le quart&nbsp;\u00bb de la s\u00e9rie \u00ab&nbsp;Life Goes On&nbsp;\u00bb entend r\u00e9pondre aux difficult\u00e9s des personnes atteintes du trouble du d\u00e9ficit d&rsquo;attention qui, ayant &hellip; <a href=\"https:\/\/jlggb.net\/blog3\/?p=2876\" class=\"more-link\">Continuer la lecture de <span class=\"screen-reader-text\">Horloge \u00e0 segmenter le temps<\/span><\/a><\/p>\n","protected":false},"author":2,"featured_media":0,"comment_status":"closed","ping_status":"closed","sticky":false,"template":"","format":"standard","meta":{"footnotes":""},"categories":[43,44],"tags":[366,367,368],"class_list":["post-2876","post","type-post","status-publish","format-standard","hentry","category-design","category-objets","tag-ensad","tag-horloge","tag-via"],"_links":{"self":[{"href":"https:\/\/jlggb.net\/blog3\/index.php?rest_route=\/wp\/v2\/posts\/2876","targetHints":{"allow":["GET"]}}],"collection":[{"href":"https:\/\/jlggb.net\/blog3\/index.php?rest_route=\/wp\/v2\/posts"}],"about":[{"href":"https:\/\/jlggb.net\/blog3\/index.php?rest_route=\/wp\/v2\/types\/post"}],"author":[{"embeddable":true,"href":"https:\/\/jlggb.net\/blog3\/index.php?rest_route=\/wp\/v2\/users\/2"}],"replies":[{"embeddable":true,"href":"https:\/\/jlggb.net\/blog3\/index.php?rest_route=%2Fwp%2Fv2%2Fcomments&post=2876"}],"version-history":[{"count":0,"href":"https:\/\/jlggb.net\/blog3\/index.php?rest_route=\/wp\/v2\/posts\/2876\/revisions"}],"wp:attachment":[{"href":"https:\/\/jlggb.net\/blog3\/index.php?rest_route=%2Fwp%2Fv2%2Fmedia&parent=2876"}],"wp:term":[{"taxonomy":"category","embeddable":true,"href":"https:\/\/jlggb.net\/blog3\/index.php?rest_route=%2Fwp%2Fv2%2Fcategories&post=2876"},{"taxonomy":"post_tag","embeddable":true,"href":"https:\/\/jlggb.net\/blog3\/index.php?rest_route=%2Fwp%2Fv2%2Ftags&post=2876"}],"curies":[{"name":"wp","href":"https:\/\/api.w.org\/{rel}","templated":true}]}}