{"id":2649,"date":"2012-06-06T20:00:46","date_gmt":"2012-06-06T18:00:46","guid":{"rendered":"http:\/\/jlggb.net\/blog3\/?p=2649"},"modified":"2020-08-22T13:29:13","modified_gmt":"2020-08-22T11:29:13","slug":"des-collections-deux-pieces-de-tissu-offertes-par-navin-rawanchaikul","status":"publish","type":"post","link":"https:\/\/jlggb.net\/blog3\/?p=2649","title":{"rendered":"Des collections : deux pi\u00e8ces de tissu offertes par Navin Rawanchaikul"},"content":{"rendered":"<p><a href=\"https:\/\/jlggb.net\/blog3\/wp-content\/uploads\/2012\/06\/loggia-isaline-tissus.jpg\" data-rel=\"lightbox-image-0\" data-imagelightbox=\"0\" data-rl_title=\"\" data-rl_caption=\"\"><img loading=\"lazy\" decoding=\"async\" class=\"alignnone size-full wp-image-2665\" title=\"\" src=\"https:\/\/jlggb.net\/blog3\/wp-content\/uploads\/2012\/06\/loggia-isaline-tissus.jpg\" alt=\"\" width=\"640\" height=\"480\" srcset=\"https:\/\/jlggb.net\/blog3\/wp-content\/uploads\/2012\/06\/loggia-isaline-tissus.jpg 1280w, https:\/\/jlggb.net\/blog3\/wp-content\/uploads\/2012\/06\/loggia-isaline-tissus-300x225.jpg 300w, https:\/\/jlggb.net\/blog3\/wp-content\/uploads\/2012\/06\/loggia-isaline-tissus-1024x768.jpg 1024w, https:\/\/jlggb.net\/blog3\/wp-content\/uploads\/2012\/06\/loggia-isaline-tissus-150x112.jpg 150w\" sizes=\"auto, (max-width: 640px) 100vw, 640px\" \/><\/a><br \/>\nMercredi 6 juin 2012, 20h, Aix-les-Bains, rue Isaline. La loggia de la chambre \u00e9tait aujourd&rsquo;hui habill\u00e9e de deux pi\u00e8ces de tissus de couleurs vives qui proviennent de la biennale de Lyon de 2000 (<em>Partage d&rsquo;exotismes<\/em>, Cinqui\u00e8me biennale d&rsquo;art contemporain de Lyon, Halle Tony Garnier, Jean-Hubert Martin commissaire) o\u00f9 elles \u00e9taient donn\u00e9es aux visiteurs pour leur libre usage. C&rsquo;est-\u00e0-dire que l&rsquo;\u0153uvre de Navin Rawanchaikul, n\u00e9 en 1971, Tha\u00eflandais et Indien, consistait pr\u00e9cis\u00e9ment \u00e0 donner ces pi\u00e8ces de tissus traditionnelles. Controvers\u00e9e (mais int\u00e9ressante), cette exposition nous aura donc procur\u00e9, 12 ans apr\u00e8s, des rideaux qui s&rsquo;assortissent fort bien aux plantes et au paysage.<\/p>\n","protected":false},"excerpt":{"rendered":"<p>Mercredi 6 juin 2012, 20h, Aix-les-Bains, rue Isaline. La loggia de la chambre \u00e9tait aujourd&rsquo;hui habill\u00e9e de deux pi\u00e8ces de tissus de couleurs vives qui proviennent de la biennale de Lyon de 2000 (Partage d&rsquo;exotismes, Cinqui\u00e8me biennale d&rsquo;art contemporain de Lyon, Halle Tony Garnier, Jean-Hubert Martin commissaire) o\u00f9 elles \u00e9taient donn\u00e9es aux visiteurs pour leur &hellip; <a href=\"https:\/\/jlggb.net\/blog3\/?p=2649\" class=\"more-link\">Continuer la lecture de <span class=\"screen-reader-text\">Des collections : deux pi\u00e8ces de tissu offertes par Navin Rawanchaikul<\/span><\/a><\/p>\n","protected":false},"author":2,"featured_media":0,"comment_status":"closed","ping_status":"closed","sticky":false,"template":"","format":"standard","meta":{"footnotes":""},"categories":[60,32,44,115],"tags":[332,331,10],"class_list":["post-2649","post","type-post","status-publish","format-standard","hentry","category-couleurs","category-des-collections","category-objets","category-plantes-2","tag-biennale-de-lyon","tag-navin-rawanchaikul","tag-tissu"],"_links":{"self":[{"href":"https:\/\/jlggb.net\/blog3\/index.php?rest_route=\/wp\/v2\/posts\/2649","targetHints":{"allow":["GET"]}}],"collection":[{"href":"https:\/\/jlggb.net\/blog3\/index.php?rest_route=\/wp\/v2\/posts"}],"about":[{"href":"https:\/\/jlggb.net\/blog3\/index.php?rest_route=\/wp\/v2\/types\/post"}],"author":[{"embeddable":true,"href":"https:\/\/jlggb.net\/blog3\/index.php?rest_route=\/wp\/v2\/users\/2"}],"replies":[{"embeddable":true,"href":"https:\/\/jlggb.net\/blog3\/index.php?rest_route=%2Fwp%2Fv2%2Fcomments&post=2649"}],"version-history":[{"count":0,"href":"https:\/\/jlggb.net\/blog3\/index.php?rest_route=\/wp\/v2\/posts\/2649\/revisions"}],"wp:attachment":[{"href":"https:\/\/jlggb.net\/blog3\/index.php?rest_route=%2Fwp%2Fv2%2Fmedia&parent=2649"}],"wp:term":[{"taxonomy":"category","embeddable":true,"href":"https:\/\/jlggb.net\/blog3\/index.php?rest_route=%2Fwp%2Fv2%2Fcategories&post=2649"},{"taxonomy":"post_tag","embeddable":true,"href":"https:\/\/jlggb.net\/blog3\/index.php?rest_route=%2Fwp%2Fv2%2Ftags&post=2649"}],"curies":[{"name":"wp","href":"https:\/\/api.w.org\/{rel}","templated":true}]}}