{"id":2626,"date":"2012-06-05T20:30:41","date_gmt":"2012-06-05T18:30:41","guid":{"rendered":"http:\/\/jlggb.net\/blog3\/?p=2626"},"modified":"2020-08-22T13:29:30","modified_gmt":"2020-08-22T11:29:30","slug":"vu-au-mamco-dans-laccrochage-de-lete-2012","status":"publish","type":"post","link":"https:\/\/jlggb.net\/blog3\/?p=2626","title":{"rendered":"Vu au Mamco parmi beaucoup d&rsquo;\u0153uvres de l&rsquo;accrochage de l&rsquo;\u00e9t\u00e9 2012"},"content":{"rendered":"<p><a href=\"https:\/\/jlggb.net\/blog3\/wp-content\/uploads\/2012\/06\/destin-hasard-hanimann.jpg\" data-rel=\"lightbox-image-0\" data-imagelightbox=\"0\" data-rl_title=\"\" data-rl_caption=\"\"><img loading=\"lazy\" decoding=\"async\" class=\"alignnone size-full wp-image-2629\" title=\"\" src=\"https:\/\/jlggb.net\/blog3\/wp-content\/uploads\/2012\/06\/destin-hasard-hanimann.jpg\" alt=\"\" width=\"640\" height=\"480\" srcset=\"https:\/\/jlggb.net\/blog3\/wp-content\/uploads\/2012\/06\/destin-hasard-hanimann.jpg 1280w, https:\/\/jlggb.net\/blog3\/wp-content\/uploads\/2012\/06\/destin-hasard-hanimann-300x225.jpg 300w, https:\/\/jlggb.net\/blog3\/wp-content\/uploads\/2012\/06\/destin-hasard-hanimann-1024x768.jpg 1024w, https:\/\/jlggb.net\/blog3\/wp-content\/uploads\/2012\/06\/destin-hasard-hanimann-150x112.jpg 150w\" sizes=\"auto, (max-width: 640px) 100vw, 640px\" \/><\/a><br \/>\n<a href=\"https:\/\/jlggb.net\/blog3\/wp-content\/uploads\/2012\/06\/auvray-masque-blanc.jpg\" data-rel=\"lightbox-image-1\" data-imagelightbox=\"1\" data-rl_title=\"\" data-rl_caption=\"\"><img loading=\"lazy\" decoding=\"async\" class=\"alignnone size-full wp-image-2627\" title=\"\" src=\"https:\/\/jlggb.net\/blog3\/wp-content\/uploads\/2012\/06\/auvray-masque-blanc.jpg\" alt=\"\" width=\"640\" height=\"480\" srcset=\"https:\/\/jlggb.net\/blog3\/wp-content\/uploads\/2012\/06\/auvray-masque-blanc.jpg 1280w, https:\/\/jlggb.net\/blog3\/wp-content\/uploads\/2012\/06\/auvray-masque-blanc-300x225.jpg 300w, https:\/\/jlggb.net\/blog3\/wp-content\/uploads\/2012\/06\/auvray-masque-blanc-1024x768.jpg 1024w, https:\/\/jlggb.net\/blog3\/wp-content\/uploads\/2012\/06\/auvray-masque-blanc-150x112.jpg 150w\" sizes=\"auto, (max-width: 640px) 100vw, 640px\" \/><\/a><br \/>\n<a href=\"https:\/\/jlggb.net\/blog3\/wp-content\/uploads\/2012\/06\/auvray-masques.jpg\" data-rel=\"lightbox-image-2\" data-imagelightbox=\"2\" data-rl_title=\"\" data-rl_caption=\"\"><img loading=\"lazy\" decoding=\"async\" class=\"alignnone size-full wp-image-2628\" title=\"\" src=\"https:\/\/jlggb.net\/blog3\/wp-content\/uploads\/2012\/06\/auvray-masques.jpg\" alt=\"\" width=\"640\" height=\"480\" srcset=\"https:\/\/jlggb.net\/blog3\/wp-content\/uploads\/2012\/06\/auvray-masques.jpg 1280w, https:\/\/jlggb.net\/blog3\/wp-content\/uploads\/2012\/06\/auvray-masques-300x225.jpg 300w, https:\/\/jlggb.net\/blog3\/wp-content\/uploads\/2012\/06\/auvray-masques-1024x768.jpg 1024w, https:\/\/jlggb.net\/blog3\/wp-content\/uploads\/2012\/06\/auvray-masques-150x112.jpg 150w\" sizes=\"auto, (max-width: 640px) 100vw, 640px\" \/><\/a><br \/>\nMardi 5 juin 2012, 18h30 &#8211; 20h30, Mus\u00e9e d&rsquo;art moderne et contemporain \u2014 Mamco, Gen\u00e8ve, vernissage du cycle <em>L&rsquo;\u00e9ternel retour<\/em>, s\u00e9quence &#8211; \u00e9t\u00e9 2012. Alex Hanimann (Suisse, 1955), <em>Ne pas \u00e9viter le destin \u2014 et exclure le hasard<\/em>, lettres d\u00e9coup\u00e9es, 2012. Sylvie Auvray (Paris, 1974), <em>Masques<\/em>, c\u00e9ramiques \u00e9maill\u00e9es, 2012.<\/p>\n","protected":false},"excerpt":{"rendered":"<p>Mardi 5 juin 2012, 18h30 &#8211; 20h30, Mus\u00e9e d&rsquo;art moderne et contemporain \u2014 Mamco, Gen\u00e8ve, vernissage du cycle L&rsquo;\u00e9ternel retour, s\u00e9quence &#8211; \u00e9t\u00e9 2012. Alex Hanimann (Suisse, 1955), Ne pas \u00e9viter le destin \u2014 et exclure le hasard, lettres d\u00e9coup\u00e9es, 2012. Sylvie Auvray (Paris, 1974), Masques, c\u00e9ramiques \u00e9maill\u00e9es, 2012.<\/p>\n","protected":false},"author":2,"featured_media":0,"comment_status":"closed","ping_status":"closed","sticky":false,"template":"","format":"standard","meta":{"footnotes":""},"categories":[7,45,76],"tags":[80,330],"class_list":["post-2626","post","type-post","status-publish","format-standard","hentry","category-arts","category-ceramiques","category-typographie","tag-geneve","tag-mamco"],"_links":{"self":[{"href":"https:\/\/jlggb.net\/blog3\/index.php?rest_route=\/wp\/v2\/posts\/2626","targetHints":{"allow":["GET"]}}],"collection":[{"href":"https:\/\/jlggb.net\/blog3\/index.php?rest_route=\/wp\/v2\/posts"}],"about":[{"href":"https:\/\/jlggb.net\/blog3\/index.php?rest_route=\/wp\/v2\/types\/post"}],"author":[{"embeddable":true,"href":"https:\/\/jlggb.net\/blog3\/index.php?rest_route=\/wp\/v2\/users\/2"}],"replies":[{"embeddable":true,"href":"https:\/\/jlggb.net\/blog3\/index.php?rest_route=%2Fwp%2Fv2%2Fcomments&post=2626"}],"version-history":[{"count":0,"href":"https:\/\/jlggb.net\/blog3\/index.php?rest_route=\/wp\/v2\/posts\/2626\/revisions"}],"wp:attachment":[{"href":"https:\/\/jlggb.net\/blog3\/index.php?rest_route=%2Fwp%2Fv2%2Fmedia&parent=2626"}],"wp:term":[{"taxonomy":"category","embeddable":true,"href":"https:\/\/jlggb.net\/blog3\/index.php?rest_route=%2Fwp%2Fv2%2Fcategories&post=2626"},{"taxonomy":"post_tag","embeddable":true,"href":"https:\/\/jlggb.net\/blog3\/index.php?rest_route=%2Fwp%2Fv2%2Ftags&post=2626"}],"curies":[{"name":"wp","href":"https:\/\/api.w.org\/{rel}","templated":true}]}}