{"id":2525,"date":"2012-05-26T17:45:28","date_gmt":"2012-05-26T15:45:28","guid":{"rendered":"http:\/\/jlggb.net\/blog3\/?p=2525"},"modified":"2020-08-23T11:31:57","modified_gmt":"2020-08-23T09:31:57","slug":"vu-du-train","status":"publish","type":"post","link":"https:\/\/jlggb.net\/blog3\/?p=2525","title":{"rendered":"Des archives : vu du train"},"content":{"rendered":"<p><a href=\"https:\/\/jlggb.net\/blog3\/wp-content\/uploads\/2012\/05\/dardagny-vignes.jpg\" data-rel=\"lightbox-image-0\" data-imagelightbox=\"0\" data-rl_title=\"\" data-rl_caption=\"\"><img loading=\"lazy\" decoding=\"async\" class=\"alignnone size-full wp-image-2526\" title=\"\" src=\"https:\/\/jlggb.net\/blog3\/wp-content\/uploads\/2012\/05\/dardagny-vignes.jpg\" alt=\"\" width=\"640\" height=\"480\" srcset=\"https:\/\/jlggb.net\/blog3\/wp-content\/uploads\/2012\/05\/dardagny-vignes.jpg 1280w, https:\/\/jlggb.net\/blog3\/wp-content\/uploads\/2012\/05\/dardagny-vignes-300x225.jpg 300w, https:\/\/jlggb.net\/blog3\/wp-content\/uploads\/2012\/05\/dardagny-vignes-1024x768.jpg 1024w, https:\/\/jlggb.net\/blog3\/wp-content\/uploads\/2012\/05\/dardagny-vignes-150x112.jpg 150w\" sizes=\"auto, (max-width: 640px) 100vw, 640px\" \/><\/a><br \/>\nMardi 22 mai 2012, 18h52, TGV de Gen\u00e8ve vers Paris \u2014 et Paris, samedi 26 mai, 18h. Je suis pass\u00e9 ici des centaines de fois. Cette fois je me d\u00e9cide \u00e0 prendre quelques clich\u00e9s des vignobles. Dardagny est la derni\u00e8re commune avant la fronti\u00e8re fran\u00e7aise. Les vignes de Dardagny sont associ\u00e9es pour moi depuis \u00ab\u00a0toujours \u00bb au nom de Jean Hutin, qui fut un proche camarade du Th\u00e9\u00e2tre des Drapiers de Strasbourg et du Th\u00e9\u00e2tre populaire romand de La Chaux de Fonds, \u00e0 la fin de l&rsquo;ann\u00e9e 1968 et en 1969. Je pourrais retrouver de nombreuses photos de lui&nbsp;: j&rsquo;ai photographi\u00e9 des pi\u00e8ces o\u00f9 il jouait, <em>L&rsquo;Importance d&rsquo;\u00eatre d&rsquo;accord<\/em>, de Brecht, <em>Quinze Rouleaux d&rsquo;argent<\/em> de G\u00fcnther Weisenborn (d&rsquo;apr\u00e8s une pi\u00e8ce classique chinoise); il a \u00e9t\u00e9 acteur dans le film 16mm pour <em>F3<\/em> et dans deux de mes films en super 8 \u00ab exp\u00e9rimentaux \u00bb, <em>Deux mani\u00e8res de passer le temps<\/em>, en f\u00e9vrier 1969 \u00e0 la Chaux-de-Fonds (sur la chanson <em>Eloise<\/em> de Barry Ryan et avec le livre jaune Garnier de <em>La Nouvelle H\u00e9lo\u00efse<\/em> dans la poche \u2014 photogramme), <em>N\u00e9cessit\u00e9 de quelques transitions<\/em> en juillet 1969 \u00e0 Cannes. Car, apr\u00e8s le th\u00e9\u00e2tre, revenant \u00e0 la propri\u00e9t\u00e9 familiale, il s&rsquo;associa \u00e0 son fr\u00e8re Pierre pour produire des vins de qualit\u00e9, contribuant \u00e0 porter les vins de Gen\u00e8ve parmi les meilleurs de Suisse. Le Domaine des Hutins est dirig\u00e9 maintenant par sa fille \u00c9milienne. Je ne l&rsquo;ai pas revu depuis quarante ans, sauf sur Internet&nbsp;: <a href=\"http:\/\/www.mdvs.ch\/index.php?id=140&amp;L=1\" target=\"_blank\" rel=\"noopener\">ici<\/a>, ou <a href=\"http:\/\/www.terrenature.ch\/terroir\/08032012-0000-emilienne-hutin-contribue-lexcellence-des-vins-genevois\" target=\"_blank\" rel=\"noopener\">l\u00e0<\/a> et <a href=\"http:\/\/www.domaineleshutins.ch\/\" target=\"_blank\" rel=\"noopener\">l\u00e0<\/a>, etc.<\/p>\n<p><a href=\"https:\/\/jlggb.net\/blog3\/wp-content\/uploads\/2012\/05\/deux-manieres-1969-super8.jpg\" data-rel=\"lightbox-image-1\" data-imagelightbox=\"1\" data-rl_title=\"\" data-rl_caption=\"\"><img loading=\"lazy\" decoding=\"async\" class=\"alignnone size-full wp-image-2531\" title=\"\" src=\"https:\/\/jlggb.net\/blog3\/wp-content\/uploads\/2012\/05\/deux-manieres-1969-super8.jpg\" alt=\"\" width=\"640\" height=\"480\" srcset=\"https:\/\/jlggb.net\/blog3\/wp-content\/uploads\/2012\/05\/deux-manieres-1969-super8.jpg 1024w, https:\/\/jlggb.net\/blog3\/wp-content\/uploads\/2012\/05\/deux-manieres-1969-super8-300x225.jpg 300w, https:\/\/jlggb.net\/blog3\/wp-content\/uploads\/2012\/05\/deux-manieres-1969-super8-150x112.jpg 150w\" sizes=\"auto, (max-width: 640px) 100vw, 640px\" \/><\/a><br \/>\n<em>Deux mani\u00e8res de passer le temps<\/em>, super 8, 5mn, 1969.<\/p>\n","protected":false},"excerpt":{"rendered":"<p>Mardi 22 mai 2012, 18h52, TGV de Gen\u00e8ve vers Paris \u2014 et Paris, samedi 26 mai, 18h. Je suis pass\u00e9 ici des centaines de fois. Cette fois je me d\u00e9cide \u00e0 prendre quelques clich\u00e9s des vignobles. Dardagny est la derni\u00e8re commune avant la fronti\u00e8re fran\u00e7aise. Les vignes de Dardagny sont associ\u00e9es pour moi depuis \u00ab\u00a0toujours &hellip; <a href=\"https:\/\/jlggb.net\/blog3\/?p=2525\" class=\"more-link\">Continuer la lecture de <span class=\"screen-reader-text\">Des archives : vu du train<\/span><\/a><\/p>\n","protected":false},"author":2,"featured_media":0,"comment_status":"closed","ping_status":"closed","sticky":false,"template":"","format":"standard","meta":{"footnotes":""},"categories":[31,23,74,25],"tags":[314,80,287,313],"class_list":["post-2525","post","type-post","status-publish","format-standard","hentry","category-des-archives","category-films","category-personnes","category-transports","tag-dardagny","tag-geneve","tag-tgv","tag-vignoble"],"_links":{"self":[{"href":"https:\/\/jlggb.net\/blog3\/index.php?rest_route=\/wp\/v2\/posts\/2525","targetHints":{"allow":["GET"]}}],"collection":[{"href":"https:\/\/jlggb.net\/blog3\/index.php?rest_route=\/wp\/v2\/posts"}],"about":[{"href":"https:\/\/jlggb.net\/blog3\/index.php?rest_route=\/wp\/v2\/types\/post"}],"author":[{"embeddable":true,"href":"https:\/\/jlggb.net\/blog3\/index.php?rest_route=\/wp\/v2\/users\/2"}],"replies":[{"embeddable":true,"href":"https:\/\/jlggb.net\/blog3\/index.php?rest_route=%2Fwp%2Fv2%2Fcomments&post=2525"}],"version-history":[{"count":0,"href":"https:\/\/jlggb.net\/blog3\/index.php?rest_route=\/wp\/v2\/posts\/2525\/revisions"}],"wp:attachment":[{"href":"https:\/\/jlggb.net\/blog3\/index.php?rest_route=%2Fwp%2Fv2%2Fmedia&parent=2525"}],"wp:term":[{"taxonomy":"category","embeddable":true,"href":"https:\/\/jlggb.net\/blog3\/index.php?rest_route=%2Fwp%2Fv2%2Fcategories&post=2525"},{"taxonomy":"post_tag","embeddable":true,"href":"https:\/\/jlggb.net\/blog3\/index.php?rest_route=%2Fwp%2Fv2%2Ftags&post=2525"}],"curies":[{"name":"wp","href":"https:\/\/api.w.org\/{rel}","templated":true}]}}