{"id":240,"date":"2011-12-15T12:00:37","date_gmt":"2011-12-15T11:00:37","guid":{"rendered":"http:\/\/jlggb.net\/blog3\/?p=240"},"modified":"2025-11-16T23:02:18","modified_gmt":"2025-11-16T22:02:18","slug":"le-reel-selon-la-fac-darts-ou-le-dplacement-des-couleurs","status":"publish","type":"post","link":"https:\/\/jlggb.net\/blog3\/?p=240","title":{"rendered":"La d\u00e9rive du code-couleurs ou le r\u00e9el selon les arts"},"content":{"rendered":"<p><a href=\"https:\/\/jlggb.net\/blog3\/wp-content\/uploads\/2011\/12\/fac-arts-p8.jpg\" data-rel=\"lightbox-image-0\" data-imagelightbox=\"0\" data-rl_title=\"\" data-rl_caption=\"\"><img loading=\"lazy\" decoding=\"async\" class=\"alignnone size-full wp-image-242\" title=\"\" src=\"https:\/\/jlggb.net\/blog3\/wp-content\/uploads\/2011\/12\/fac-arts-p8.jpg\" alt=\"\" width=\"640\" height=\"480\" srcset=\"https:\/\/jlggb.net\/blog3\/wp-content\/uploads\/2011\/12\/fac-arts-p8.jpg 1280w, https:\/\/jlggb.net\/blog3\/wp-content\/uploads\/2011\/12\/fac-arts-p8-300x225.jpg 300w, https:\/\/jlggb.net\/blog3\/wp-content\/uploads\/2011\/12\/fac-arts-p8-1024x768.jpg 1024w, https:\/\/jlggb.net\/blog3\/wp-content\/uploads\/2011\/12\/fac-arts-p8-150x112.jpg 150w\" sizes=\"auto, (max-width: 640px) 100vw, 640px\" \/><\/a><br \/>\nJeudi 15 d\u00e9cembre 2011, 12h. Saint-Denis, Universit\u00e9 Paris 8, b\u00e2timent A. Ces b\u00e2timents, construits \u00e0 la h\u00e2te en 1980 pour accueillir l&rsquo;Universit\u00e9 forc\u00e9e \u00e0 quitter le Bois de Vincennes (voir&nbsp;: <a href=\"http:\/\/jlggb.net\/blog2\/?p=7005\">http:\/\/jlggb.net\/blog2\/?p=7005<\/a>), furent convertis en partie \u2014 de fa\u00e7on plut\u00f4t r\u00e9ussie \u2014 apr\u00e8s la construction de la nouvelle biblioth\u00e8que universitaire (inaugur\u00e9e en 1998). Les architectes (Jacques Moussafir et Bernard Dufournet, voir\u00a0:\u00a0<a href=\"http:\/\/www.culture2000.tee.gr\/paris\/projets\/93\/93_10\/index_en.htm\" target=\"_blank\" rel=\"noopener\">http:\/\/www.culture2000.tee.gr\/paris\/projets\/93\/93_10\/index_en.htm<\/a> et <a href=\"http:\/\/www.pavillon-arsenal.com\/img\/conference\/25\/cp\/PAV_25_CP.pdf\" target=\"_blank\" rel=\"noopener\">http:\/\/www.pavillon-arsenal.com\/img\/conference\/25\/cp\/PAV_25_CP.pdf<\/a>) furent contraints par une structure existante de mauvaise qualit\u00e9 et par un budget restreint. 1\u00b0. On constate la d\u00e9rive du code couleurs, des disciplines artistiques vers le tri des ordures. 2\u00b0. On rappelle que l&rsquo;art, et l&rsquo;enseignement de l&rsquo;art, devaient s&rsquo;alimenter au contact avec le r\u00e9el. Le probl\u00e8me, c&rsquo;est que, para\u00eet-il, pour sentir le r\u00e9el, il faut des terrains vagues, des d\u00e9potoirs, des poubelles.<\/p>\n<p><img loading=\"lazy\" decoding=\"async\" class=\"alignnone size-full wp-image-243\" title=\"Georges Fessey\" src=\"https:\/\/jlggb.net\/blog3\/wp-content\/uploads\/2011\/12\/Georges-Fessey.jpg\" alt=\"\" width=\"200\" height=\"300\" srcset=\"https:\/\/jlggb.net\/blog3\/wp-content\/uploads\/2011\/12\/Georges-Fessey.jpg 200w, https:\/\/jlggb.net\/blog3\/wp-content\/uploads\/2011\/12\/Georges-Fessey-100x150.jpg 100w\" sizes=\"auto, (max-width: 200px) 100vw, 200px\" \/><\/p>\n<p>Image officielle de l&rsquo;architecture et des couleurs attribu\u00e9es aux diff\u00e9rentes disciplines artistiques (photo Georges Fessey).<\/p>\n","protected":false},"excerpt":{"rendered":"<p>Jeudi 15 d\u00e9cembre 2011, 12h. Saint-Denis, Universit\u00e9 Paris 8, b\u00e2timent A. Ces b\u00e2timents, construits \u00e0 la h\u00e2te en 1980 pour accueillir l&rsquo;Universit\u00e9 forc\u00e9e \u00e0 quitter le Bois de Vincennes (voir&nbsp;: http:\/\/jlggb.net\/blog2\/?p=7005), furent convertis en partie \u2014 de fa\u00e7on plut\u00f4t r\u00e9ussie \u2014 apr\u00e8s la construction de la nouvelle biblioth\u00e8que universitaire (inaugur\u00e9e en 1998). Les architectes (Jacques &hellip; <a href=\"https:\/\/jlggb.net\/blog3\/?p=240\" class=\"more-link\">Continuer la lecture de <span class=\"screen-reader-text\">La d\u00e9rive du code-couleurs ou le r\u00e9el selon les arts<\/span><\/a><\/p>\n","protected":false},"author":2,"featured_media":0,"comment_status":"closed","ping_status":"closed","sticky":false,"template":"","format":"standard","meta":{"footnotes":""},"categories":[64,7,60],"tags":[67,69,68],"class_list":["post-240","post","type-post","status-publish","format-standard","hentry","category-architecture","category-arts","category-couleurs","tag-paris-8","tag-poubelles","tag-saint-denis"],"_links":{"self":[{"href":"https:\/\/jlggb.net\/blog3\/index.php?rest_route=\/wp\/v2\/posts\/240","targetHints":{"allow":["GET"]}}],"collection":[{"href":"https:\/\/jlggb.net\/blog3\/index.php?rest_route=\/wp\/v2\/posts"}],"about":[{"href":"https:\/\/jlggb.net\/blog3\/index.php?rest_route=\/wp\/v2\/types\/post"}],"author":[{"embeddable":true,"href":"https:\/\/jlggb.net\/blog3\/index.php?rest_route=\/wp\/v2\/users\/2"}],"replies":[{"embeddable":true,"href":"https:\/\/jlggb.net\/blog3\/index.php?rest_route=%2Fwp%2Fv2%2Fcomments&post=240"}],"version-history":[{"count":2,"href":"https:\/\/jlggb.net\/blog3\/index.php?rest_route=\/wp\/v2\/posts\/240\/revisions"}],"predecessor-version":[{"id":8482,"href":"https:\/\/jlggb.net\/blog3\/index.php?rest_route=\/wp\/v2\/posts\/240\/revisions\/8482"}],"wp:attachment":[{"href":"https:\/\/jlggb.net\/blog3\/index.php?rest_route=%2Fwp%2Fv2%2Fmedia&parent=240"}],"wp:term":[{"taxonomy":"category","embeddable":true,"href":"https:\/\/jlggb.net\/blog3\/index.php?rest_route=%2Fwp%2Fv2%2Fcategories&post=240"},{"taxonomy":"post_tag","embeddable":true,"href":"https:\/\/jlggb.net\/blog3\/index.php?rest_route=%2Fwp%2Fv2%2Ftags&post=240"}],"curies":[{"name":"wp","href":"https:\/\/api.w.org\/{rel}","templated":true}]}}